{"id":471,"count":4,"description":"<span style=\"font-weight: 400\">La columna <strong>Entrevistas con Arquitectura<\/strong> debe su nombre a la colecci\u00f3n period\u00edstica m\u00e1s famosa de Oriana Fallaci, y pretende dar espacio a expertos y profesionales del sector para difundir <strong>conocimientos y consejos \u00fatiles<\/strong> para orientarse en el mundo del dise\u00f1o arquitect\u00f3nico, de los software y la construcci\u00f3n<\/span>","link":"https:\/\/www.gopillarnews.com\/es\/category\/arquitectura\/entrevistas-con-arquitectura\/","name":"Entrevistas con Arquitectura","slug":"entrevistas-con-arquitectura","taxonomy":"category","parent":218,"meta":[],"_links":{"self":[{"href":"https:\/\/www.gopillarnews.com\/es\/wp-json\/wp\/v2\/categories\/471"}],"collection":[{"href":"https:\/\/www.gopillarnews.com\/es\/wp-json\/wp\/v2\/categories"}],"about":[{"href":"https:\/\/www.gopillarnews.com\/es\/wp-json\/wp\/v2\/taxonomies\/category"}],"up":[{"embeddable":true,"href":"https:\/\/www.gopillarnews.com\/es\/wp-json\/wp\/v2\/categories\/218"}],"wp:post_type":[{"href":"https:\/\/www.gopillarnews.com\/es\/wp-json\/wp\/v2\/posts?categories=471"}],"curies":[{"name":"wp","href":"https:\/\/api.w.org\/{rel}","templated":true}]}}