{"id":10190,"date":"2021-04-13T09:15:22","date_gmt":"2021-04-13T09:15:22","guid":{"rendered":"https:\/\/www.gopillaracademy.com\/blog\/?p=10190"},"modified":"2023-03-20T11:36:05","modified_gmt":"2023-03-20T09:36:05","slug":"renovacion-de-una-villa","status":"publish","type":"post","link":"https:\/\/www.gopillarnews.com\/es\/renovacion-de-una-villa\/","title":{"rendered":"La renovaci\u00f3n de una villa inmersa en el parque de Montevecchia y el Valle del Curone"},"content":{"rendered":"<p><span style=\"font-weight: 400;\">Las solicitudes de proyectos que llegan a <\/span><strong><a href=\"https:\/\/gopillar.com\/\" target=\"_blank\" rel=\"noopener\">GoPillar<\/a><\/strong><span style=\"font-weight: 400;\"><strong>, la gran comunidad de arquitectos y dise\u00f1adores de interiores<\/strong> en la que los profesionales compiten con los proyectos para llevarse a casa los premios en juego, a veces te hacen so\u00f1ar un poco. <\/span><\/p>\n<p><strong>El <a href=\"https:\/\/www.gopillaracademy.com\/blog\/es\/evolo-skyscraper-2019\/\" target=\"_blank\" rel=\"noopener\">concurso<\/a> del que queremos hablarles se refiere a la renovaci\u00f3n de una villa inmersa en el Parque Naturalista de Curone y Montevecchia, en la localidad de Merate (LC).<\/strong><a href=\"http:\/\/www.gopillar.com\/es\/\" target=\"_blank\" rel=\"noopener\"><img loading=\"lazy\" class=\"alignleft size-large wp-image-16051\" src=\"https:\/\/www.gopillarnews.com\/wp-content\/uploads\/2022\/10\/BANNER-SPA-GENERICO-1024x135.png\" alt=\"\" width=\"1024\" height=\"135\" \/><\/a><\/p>\n<div id=\"ez-toc-container\" class=\"ez-toc-v2_0_22 counter-hierarchy counter-decimal\">\n<div class=\"ez-toc-title-container\">\n<p class=\"ez-toc-title\">Tabla de contenidos<\/p>\n<span class=\"ez-toc-title-toggle\"><a class=\"ez-toc-pull-right ez-toc-btn ez-toc-btn-xs ez-toc-btn-default ez-toc-toggle\" style=\"display: none;\"><i class=\"ez-toc-glyphicon ez-toc-icon-toggle\"><\/i><\/a><\/span><\/div>\n<nav><ul class=\"ez-toc-list ez-toc-list-level-1\"><li class=\"ez-toc-page-1 ez-toc-heading-level-2\"><a class=\"ez-toc-link ez-toc-heading-1\" href=\"https:\/\/www.gopillarnews.com\/es\/renovacion-de-una-villa\/#La_renovacion_de_una_villa_inmersa_en_el_parque_de_Montevecchia_y_el_Valle_del_Curone\" title=\"La renovaci\u00f3n de una villa inmersa en el parque de Montevecchia y el Valle del Curone\">La renovaci\u00f3n de una villa inmersa en el parque de Montevecchia y el Valle del Curone<\/a><ul class=\"ez-toc-list-level-3\"><li class=\"ez-toc-heading-level-3\"><a class=\"ez-toc-link ez-toc-heading-2\" href=\"https:\/\/www.gopillarnews.com\/es\/renovacion-de-una-villa\/#Queremos_mostrarte_los_mejores_y_mas_interesantes_disenos_presentados_por_arquitectos_de_GoPillar\" title=\"Queremos mostrarte los mejores y m\u00e1s interesantes dise\u00f1os presentados por arquitectos de GoPillar.\">Queremos mostrarte los mejores y m\u00e1s interesantes dise\u00f1os presentados por arquitectos de GoPillar.<\/a><\/li><\/ul><\/li><\/ul><\/nav><\/div>\n<h2><span class=\"ez-toc-section\" id=\"La_renovacion_de_una_villa_inmersa_en_el_parque_de_Montevecchia_y_el_Valle_del_Curone\"><\/span>La renovaci\u00f3n de una villa inmersa en el parque de Montevecchia y el Valle del Curone<span class=\"ez-toc-section-end\"><\/span><\/h2>\n<p><span style=\"font-weight: 400;\">Los principales objetivos de la renovaci\u00f3n de la <strong>villa<\/strong> fueron los siguientes: un estilo general de la estructura (interna y externa) moderno y minimalista; habitaciones muy luminosas y un proyecto en armon\u00eda con el entorno de ensue\u00f1o en el que se encuentra la propiedad. <\/span><\/p>\n<p><span style=\"font-weight: 400;\">Varias intervenciones principales solicitadas por el cliente.<strong> La nueva cubierta debi\u00f3 estar aislada y ventilada, con una nueva estratigraf\u00eda y la inserci\u00f3n de paneles fotovoltaicos para captar la energ\u00eda solar.<\/strong><\/span><\/p>\n<p><span style=\"font-weight: 400;\">El diferente m\u00e9todo de calefacci\u00f3n utilizado en las tres plantas del edificio es fundamental. En la planta baja ten\u00eda que estar en el suelo (gracias a la t\u00e9cnica de paneles radiantes). Para las otras dos plantas, en cambio, calefacci\u00f3n de techo (con la creaci\u00f3n de falsos techos). El suministro de energ\u00eda del conjunto deb\u00eda realizarse mediante bombas de calor colocadas en el exterior con respecto a la planta baja. Aparte de eso, una capa exterior de alto rendimiento fue clave.<\/span><a href=\"http:\/\/www.gopillar.com\/es\/\" target=\"_blank\" rel=\"noopener\"><img loading=\"lazy\" class=\"alignleft size-large wp-image-16051\" src=\"https:\/\/www.gopillarnews.com\/wp-content\/uploads\/2022\/10\/BANNER-SPA-GENERICO-1024x135.png\" alt=\"\" width=\"1024\" height=\"135\" \/><\/a><\/p>\n<p><span style=\"font-weight: 400;\">Los accesorios tuvieron que ser reemplazados por otros nuevos, adem\u00e1s de la instalaci\u00f3n de persianas blindadas en todas las ventanas de la casa. <strong>Las termo chimeneas habr\u00edan sustituido a las de le\u00f1a natural, con el consiguiente paso de las tuber\u00edas en unos velos t\u00e9cnicos. <\/strong><\/span><\/p>\n<p><span style=\"font-weight: 400;\">Los parapetos y pisos de la escalera interior tuvieron que ser reemplazados, los primeros por elementos de vidrio. En cuanto al exterior, el cliente quer\u00eda una zona de relax con zona de barbacoa y piscina (teniendo en cuenta que parte de la zona boscosa descansaba sobre terreno escarpado).<\/span><\/p>\n<h3><span class=\"ez-toc-section\" id=\"Queremos_mostrarte_los_mejores_y_mas_interesantes_disenos_presentados_por_arquitectos_de_GoPillar\"><\/span><b>Queremos mostrarte los mejores y m\u00e1s interesantes dise\u00f1os presentados por arquitectos de GoPillar.<\/b><span class=\"ez-toc-section-end\"><\/span><\/h3>\n<p><strong><a href=\"https:\/\/gopillar.com\/designers\/giacomo-cattani\" target=\"_blank\" rel=\"noopener\">Giacomo Cattani<\/a><\/strong><span style=\"font-weight: 400;\"><strong>\u00a0 &#8211;<\/strong> El proyecto propuesto por el profesional contempla la construcci\u00f3n de una <strong>villa<\/strong> contempor\u00e1nea compacta. El hilo conductor resid\u00eda en el hecho de querer mantener la arquitectura existente, con la inserci\u00f3n de algunos marcos para realzar su morfolog\u00eda. <strong>El color exterior es claro, con la inserci\u00f3n de revestimientos de gres y listones de aluminio para dar el efecto madera. <\/strong><\/span><\/p>\n<p><span style=\"font-weight: 400;\">La cubierta se revisti\u00f3 con zinc titanio. En la planta baja se ha insertado una p\u00e9rgola bioclim\u00e1tica que anticipa la zona de relax exterior, formada por una piscina infinity con hidromasaje. La zona exterior tambi\u00e9n cuenta con una zona de barbacoa. Las intervenciones en el interior est\u00e1n dise\u00f1adas para mejorar la distribuci\u00f3n de los espacios para aprovechar al m\u00e1ximo la luminosidad de las estancias.<\/span><\/p>\n<p><img src=\"https:\/\/st3.idealista.it\/news\/archivie\/styles\/news_detail\/public\/2020-12\/contest1.jpg?sv=OnMi0Hni&amp;itok=Am4jqUQi\" alt=\"Gopillar\" \/><\/p>\n<p><strong><a href=\"https:\/\/gopillar.com\/designers\/fernando-balette\" target=\"_blank\" rel=\"noopener\">Fernando Balette<\/a><\/strong><span style=\"font-weight: 400;\"><strong>\u00a0 &#8211;<\/strong> Tambi\u00e9n en el segundo caso analizado, el arquitecto quiso centrar su atenci\u00f3n en el estilo moderno y minimalista de la <strong>villa<\/strong> proyectada. <strong>Se ha mantenido la divisi\u00f3n interna y el tama\u00f1o de las habitaciones de los planos proporcionados por el cliente, a excepci\u00f3n del tama\u00f1o de algunas ventanas. <\/strong><\/span><\/p>\n<p><span style=\"font-weight: 400;\">El color de las fachadas, seg\u00fan lo solicitado, tiene tonalidades suaves, con gres porcel\u00e1nico para dar un toque <\/span><i><span style=\"font-weight: 400;\">minimalista <\/span><\/i><span style=\"font-weight: 400;\">al exterior. Los paneles fotovoltaicos necesarios para contener los costos del sistema el\u00e9ctrico se colocaron en el techo. Tambi\u00e9n en este caso, se ha creado una zona de relax en la zona exterior, con elegantes asientos y una piscina con <\/span><i><span style=\"font-weight: 400;\">jacuzzi <\/span><\/i><span style=\"font-weight: 400;\">para ser utilizada en verano.<\/span><\/p>\n<p><img src=\"https:\/\/st3.idealista.it\/news\/archivie\/styles\/news_detail\/public\/2020-12\/contest2_0.jpg?sv=6XS7yjl2&amp;itok=QtU2SkMK\" alt=\"Gopillar\" \/><\/p>\n<p><strong><a href=\"https:\/\/gopillar.com\/designers\/alessandro-rizzo\" target=\"_blank\" rel=\"noopener\">Alessandro Rizzo<\/a><\/strong><span style=\"font-weight: 400;\"><strong>\u00a0 &#8211;<\/strong> El dise\u00f1ador quiso centrarse en el exterior de la estructura, manteniendo el interior propuesto por el cliente y realizando los cambios propuestos entre las solicitudes de la comisi\u00f3n. Se pensaron diferentes elementos para las fachadas exteriores, comenzando por la roca para la planta baja, haciendo un gui\u00f1o a la modernidad y manteniendo el color anterior de la <strong>villa<\/strong>. <\/span><\/p>\n<p><span style=\"font-weight: 400;\">Tambi\u00e9n se obtuvo un efecto madera para los pisos superiores y colores suaves (referidos a madera y piedra) en el resto de la estructura. <strong>El techo ventilado es de chapa roja\/marr\u00f3n para combinar con el color de los techos principales de las villas circundantes. Tambi\u00e9n pensamos en una peque\u00f1a zona de relax con asientos para tomar el sol y piscina.<\/strong><\/span><\/p>\n<p><img src=\"https:\/\/st3.idealista.it\/news\/archivie\/styles\/news_detail\/public\/2020-12\/contest3.jpg?sv=v1n3VPjO&amp;itok=4WGBHX8V\" alt=\"Gopillar\" \/><\/p>\n<p><a href=\"http:\/\/www.gopillar.com\/es\/\" target=\"_blank\" rel=\"noopener\"><img loading=\"lazy\" class=\"alignleft size-large wp-image-16051\" src=\"https:\/\/www.gopillarnews.com\/wp-content\/uploads\/2022\/10\/BANNER-SPA-GENERICO-1024x135.png\" alt=\"\" width=\"1024\" height=\"135\" \/><\/a><\/p>\n","protected":false},"excerpt":{"rendered":"<p>Las solicitudes de proyectos que llegan a GoPillar, la gran comunidad de arquitectos y dise\u00f1adores de interiores en la que los profesionales compiten con los proyectos para llevarse a casa los premios en juego, a veces te hacen so\u00f1ar un poco. El concurso del que queremos hablarles se refiere a la renovaci\u00f3n de una villa &hellip;<\/p>\n","protected":false},"author":16,"featured_media":10201,"comment_status":"open","ping_status":"open","sticky":false,"template":"","format":"standard","meta":[],"categories":[433],"tags":[],"amp_enabled":true,"_links":{"self":[{"href":"https:\/\/www.gopillarnews.com\/es\/wp-json\/wp\/v2\/posts\/10190"}],"collection":[{"href":"https:\/\/www.gopillarnews.com\/es\/wp-json\/wp\/v2\/posts"}],"about":[{"href":"https:\/\/www.gopillarnews.com\/es\/wp-json\/wp\/v2\/types\/post"}],"author":[{"embeddable":true,"href":"https:\/\/www.gopillarnews.com\/es\/wp-json\/wp\/v2\/users\/16"}],"replies":[{"embeddable":true,"href":"https:\/\/www.gopillarnews.com\/es\/wp-json\/wp\/v2\/comments?post=10190"}],"version-history":[{"count":6,"href":"https:\/\/www.gopillarnews.com\/es\/wp-json\/wp\/v2\/posts\/10190\/revisions"}],"predecessor-version":[{"id":16818,"href":"https:\/\/www.gopillarnews.com\/es\/wp-json\/wp\/v2\/posts\/10190\/revisions\/16818"}],"wp:featuredmedia":[{"embeddable":true,"href":"https:\/\/www.gopillarnews.com\/es\/wp-json\/wp\/v2\/media\/10201"}],"wp:attachment":[{"href":"https:\/\/www.gopillarnews.com\/es\/wp-json\/wp\/v2\/media?parent=10190"}],"wp:term":[{"taxonomy":"category","embeddable":true,"href":"https:\/\/www.gopillarnews.com\/es\/wp-json\/wp\/v2\/categories?post=10190"},{"taxonomy":"post_tag","embeddable":true,"href":"https:\/\/www.gopillarnews.com\/es\/wp-json\/wp\/v2\/tags?post=10190"}],"curies":[{"name":"wp","href":"https:\/\/api.w.org\/{rel}","templated":true}]}}