{"id":11161,"date":"2021-06-01T15:30:05","date_gmt":"2021-06-01T15:30:05","guid":{"rendered":"https:\/\/www.gopillaracademy.com\/blog\/?p=11161"},"modified":"2023-03-15T18:48:34","modified_gmt":"2023-03-15T16:48:34","slug":"las-10-escaleras-mas-bonitas-de-europa","status":"publish","type":"post","link":"https:\/\/www.gopillarnews.com\/es\/las-10-escaleras-mas-bonitas-de-europa\/","title":{"rendered":"Las 10 escaleras m\u00e1s bonitas de Europa"},"content":{"rendered":"<p><span style=\"font-weight: 400;\">Entre los aspectos en los que los arquitectos siempre se han mimado est\u00e1, sin duda, la escalera: diferentes formas, colores y ubicaciones distinguen estos elementos arquitect\u00f3nicos que, si bien nacen con funciones estructurales, han evolucionado hacia un abanico infinito de articulaciones que a\u00fan hoy saben sorprender al observador.<\/span><\/p>\n<p><a href=\"http:\/\/www.gopillaracademy.com\/es\/\" target=\"_blank\" rel=\"noopener\"><img loading=\"lazy\" class=\"alignleft size-large wp-image-16045\" src=\"https:\/\/www.gopillarnews.com\/wp-content\/uploads\/2022\/10\/BANNER-SPA-GENERICO-copia-1024x135.png\" alt=\"\" width=\"1024\" height=\"135\" \/><\/a><\/p>\n<p><span style=\"font-weight: 400;\">En este art\u00edculo hemos querido recopilar las escaleras hist\u00f3ricas m\u00e1s evocadoras jam\u00e1s construidas en Europa en un per\u00edodo que va desde la <\/span><b>Edad Media hasta el siglo XX <\/b><span style=\"font-weight: 400;\">para rendir homenaje tanto a los arquitectos que produjeron obras \u00fanicas en su tipo, como a las t\u00e9cnicas de construcci\u00f3n y diferentes estilos utilizados durante siglos que han dado lugar a una innumerable serie de soluciones. Aqu\u00ed est\u00e1n las 10 escaleras m\u00e1s hermosas de Europa.<\/span><\/p>\n<div id=\"ez-toc-container\" class=\"ez-toc-v2_0_22 counter-hierarchy counter-decimal\">\n<div class=\"ez-toc-title-container\">\n<p class=\"ez-toc-title\">Tabla de contenidos<\/p>\n<span class=\"ez-toc-title-toggle\"><a class=\"ez-toc-pull-right ez-toc-btn ez-toc-btn-xs ez-toc-btn-default ez-toc-toggle\" style=\"display: none;\"><i class=\"ez-toc-glyphicon ez-toc-icon-toggle\"><\/i><\/a><\/span><\/div>\n<nav><ul class=\"ez-toc-list ez-toc-list-level-1\"><li class=\"ez-toc-page-1 ez-toc-heading-level-2\"><a class=\"ez-toc-link ez-toc-heading-1\" href=\"https:\/\/www.gopillarnews.com\/es\/las-10-escaleras-mas-bonitas-de-europa\/#Las_10_escaleras_mas_bonitas_de_Europa\" title=\"Las 10 escaleras m\u00e1s bonitas de Europa\">Las 10 escaleras m\u00e1s bonitas de Europa<\/a><ul class=\"ez-toc-list-level-3\"><li class=\"ez-toc-heading-level-3\"><a class=\"ez-toc-link ez-toc-heading-2\" href=\"https:\/\/www.gopillarnews.com\/es\/las-10-escaleras-mas-bonitas-de-europa\/#Escalera_de_San_Juan_de_Gaztelugatxe\" title=\"Escalera de San Juan de Gaztelugatxe\">Escalera de San Juan de Gaztelugatxe<\/a><\/li><li class=\"ez-toc-page-1 ez-toc-heading-level-3\"><a class=\"ez-toc-link ez-toc-heading-3\" href=\"https:\/\/www.gopillarnews.com\/es\/las-10-escaleras-mas-bonitas-de-europa\/#Escalera_del_Palacio_Contarini_de_Bovolo\" title=\"Escalera del Palacio Contarini de Bovolo\">Escalera del Palacio Contarini de Bovolo<\/a><\/li><li class=\"ez-toc-page-1 ez-toc-heading-level-3\"><a class=\"ez-toc-link ez-toc-heading-4\" href=\"https:\/\/www.gopillarnews.com\/es\/las-10-escaleras-mas-bonitas-de-europa\/#Escalera_de_la_Abadia_de_Melk\" title=\"Escalera de la Abad\u00eda de Melk\">Escalera de la Abad\u00eda de Melk<\/a><\/li><li class=\"ez-toc-page-1 ez-toc-heading-level-3\"><a class=\"ez-toc-link ez-toc-heading-5\" href=\"https:\/\/www.gopillarnews.com\/es\/las-10-escaleras-mas-bonitas-de-europa\/#Escalera_del_Bom_Jesus_do_Monte\" title=\"Escalera del Bom Jesus do Monte\">Escalera del Bom Jesus do Monte<\/a><\/li><li class=\"ez-toc-page-1 ez-toc-heading-level-3\"><a class=\"ez-toc-link ez-toc-heading-6\" href=\"https:\/\/www.gopillarnews.com\/es\/las-10-escaleras-mas-bonitas-de-europa\/#Escalera_de_Trinita_dei_Monti\" title=\"Escalera de Trinit\u00e0 dei Monti\">Escalera de Trinit\u00e0 dei Monti<\/a><\/li><li class=\"ez-toc-page-1 ez-toc-heading-level-3\"><a class=\"ez-toc-link ez-toc-heading-7\" href=\"https:\/\/www.gopillarnews.com\/es\/las-10-escaleras-mas-bonitas-de-europa\/#Escalera_del_Palacio_de_Wurzburg\" title=\"Escalera del Palacio de W\u00fcrzburg\">Escalera del Palacio de W\u00fcrzburg<\/a><\/li><li class=\"ez-toc-page-1 ez-toc-heading-level-3\"><a class=\"ez-toc-link ez-toc-heading-8\" href=\"https:\/\/www.gopillarnews.com\/es\/las-10-escaleras-mas-bonitas-de-europa\/#Escalera_de_la_Opera_de_Paris\" title=\"Escalera de la \u00d3pera de Par\u00eds\">Escalera de la \u00d3pera de Par\u00eds<\/a><\/li><li class=\"ez-toc-page-1 ez-toc-heading-level-3\"><a class=\"ez-toc-link ez-toc-heading-9\" href=\"https:\/\/www.gopillarnews.com\/es\/las-10-escaleras-mas-bonitas-de-europa\/#Escalera_de_Florli_en_Noruega\" title=\"Escalera de Fl\u00f8rli en Noruega\">Escalera de Fl\u00f8rli en Noruega<\/a><\/li><li class=\"ez-toc-page-1 ez-toc-heading-level-3\"><a class=\"ez-toc-link ez-toc-heading-10\" href=\"https:\/\/www.gopillarnews.com\/es\/las-10-escaleras-mas-bonitas-de-europa\/#Escalera_helicoidal_de_los_Museos_Vaticanos\" title=\"Escalera helicoidal de los Museos Vaticanos\">Escalera helicoidal de los Museos Vaticanos<\/a><\/li><li class=\"ez-toc-page-1 ez-toc-heading-level-3\"><a class=\"ez-toc-link ez-toc-heading-11\" href=\"https:\/\/www.gopillarnews.com\/es\/las-10-escaleras-mas-bonitas-de-europa\/#Escalera_del_Centre_Pompidou\" title=\"Escalera del Centre Pompidou\">Escalera del Centre Pompidou<\/a><\/li><\/ul><\/li><\/ul><\/nav><\/div>\n<h2><span class=\"ez-toc-section\" id=\"Las_10_escaleras_mas_bonitas_de_Europa\"><\/span><strong>Las 10 escaleras m\u00e1s bonitas de Europa<\/strong><span class=\"ez-toc-section-end\"><\/span><\/h2>\n<p><span style=\"font-weight: 400;\">Comienza la lista de las escaleras m\u00e1s bonitas (en nuestra opini\u00f3n) de Europa.<\/span><\/p>\n<h3><span class=\"ez-toc-section\" id=\"Escalera_de_San_Juan_de_Gaztelugatxe\"><\/span><strong>Escalera de San Juan de Gaztelugatxe<\/strong><span class=\"ez-toc-section-end\"><\/span><\/h3>\n<p><img loading=\"lazy\" class=\"alignnone\" src=\"https:\/\/www.gopillaracademy.com\/blog\/wp-content\/uploads\/2021\/02\/SAn-Juan.jpg\" alt=\"Escaleras m\u00e1s bonitas de Europa\" width=\"328\" height=\"246\" \/> \u00a0<img loading=\"lazy\" class=\"alignnone\" src=\"https:\/\/www.gopillaracademy.com\/blog\/wp-content\/uploads\/2021\/02\/San-Juan-de-Gaztelugatxe-1.jpg\" alt=\"Escaleras m\u00e1s bonitas de Europa\" width=\"327\" height=\"245\" \/><\/p>\n<p><span style=\"font-weight: 400;\">Con orgullo presentamos a la primera de las escaleras m\u00e1s bonitas de Europa. La de San Juan de Gaztelugatxe <\/span><b>construida hace diez siglos<\/b><span style=\"font-weight: 400;\"> por los templarios para llegar a la ermita del mismo nombre que se encuentra en lo alto del cerro. Los<\/span> <b>241 escalones <\/b><span style=\"font-weight: 400;\">serpentean entre la tierra y el mar en un paisaje impresionante donde la arquitectura y la naturaleza conviven e interact\u00faan perfectamente entre s\u00ed.<\/span><\/p>\n<p><span style=\"font-weight: 400;\">A lo largo de los siglos, la ermita ha sufrido una serie de cambios: tras su construcci\u00f3n se convirti\u00f3 en convento y, posteriormente, en fortaleza para proteger las tierras del soberano de Bizkaia en la lucha contra el rey Alfonso XI. En los \u00faltimos a\u00f1os, la zona tambi\u00e9n se ha utilizado como tel\u00f3n de fondo para rodar algunas escenas de la serie <\/span><i><span style=\"font-weight: 400;\">Game of Thrones.<\/span><\/i><span style=\"font-weight: 400;\"> \u00bfPodr\u00edamos haberlo excluido de las escalas m\u00e1s bellas de Europa?<\/span><\/p>\n<h3><span class=\"ez-toc-section\" id=\"Escalera_del_Palacio_Contarini_de_Bovolo\"><\/span><strong>Escalera del Palacio Contarini de Bovolo<\/strong><span class=\"ez-toc-section-end\"><\/span><\/h3>\n<p><img loading=\"lazy\" class=\"alignnone\" src=\"https:\/\/www.gopillaracademy.com\/blog\/wp-content\/uploads\/2021\/02\/Palazzo-Contarini-del-Bovolo.jpg\" alt=\"Escaleras m\u00e1s bonitas de Europa\" width=\"323\" height=\"243\" \/> \u00a0 \u00a0<img loading=\"lazy\" class=\"alignnone\" src=\"https:\/\/www.gopillaracademy.com\/blog\/wp-content\/uploads\/2021\/02\/Palazzo-Contarini.jpg\" alt=\"Escaleras m\u00e1s bonitas de Europa\" width=\"323\" height=\"242\" \/><\/p>\n<p><span style=\"font-weight: 400;\">La segunda de las escaleras m\u00e1s bonitas de Europa, es la del Palacio Contarini de Bovolo <\/span><b>construido en Venecia en estilo g\u00f3tico tard\u00edo. <\/b><span style=\"font-weight: 400;\">El palacio fue construido en el <\/span><b>siglo XIV-XV<\/b><span style=\"font-weight: 400;\"> como residencia de los Contarini &#8220;di San Paternian&#8221; y, desde finales del siglo XV, debido a la adici\u00f3n de la escalera de caracol, la redacci\u00f3n <\/span><i><span style=\"font-weight: 400;\">&#8220;de Bovolo&#8221; (que en veneciano significa caracol).<\/span><\/i><span style=\"font-weight: 400;\"> La arquitectura que alberga la escalera se ha atribuido a <\/span><b>Giovanni Candi, arquitecto y carpintero de V\u00e9neto, <\/b><span style=\"font-weight: 400;\">que construy\u00f3 la espiral formada por <\/span><b>80 escalones<\/b><span style=\"font-weight: 400;\"> monol\u00edticos que se atornillan en sentido antihorario en un cilindro de 26 metros de altura.<\/span><\/p>\n<h3><span class=\"ez-toc-section\" id=\"Escalera_de_la_Abadia_de_Melk\"><\/span><strong>Escalera de la Abad\u00eda de Melk<\/strong><span class=\"ez-toc-section-end\"><\/span><\/h3>\n<p><img loading=\"lazy\" class=\"alignnone\" src=\"https:\/\/www.gopillaracademy.com\/blog\/wp-content\/uploads\/2021\/02\/Abbazia-Melk-300x225.jpg\" alt=\"Escaleras m\u00e1s bonitas de Europa\" width=\"300\" height=\"225\" \/>\u00a0 \u00a0 <img loading=\"lazy\" class=\"alignnone\" src=\"https:\/\/www.gopillaracademy.com\/blog\/wp-content\/uploads\/2021\/02\/Abbazia-di-Melk-300x225.jpg\" alt=\"Escaleras m\u00e1s bonitas de Europa\" width=\"300\" height=\"225\" \/><\/p>\n<p><span style=\"font-weight: 400;\">Saltemos ahora tres siglos para llegar a la tercera escalera de este art\u00edculo, que es la de la <\/span><a href=\"https:\/\/www.stiftmelk.at\/en\/\" target=\"_blank\" rel=\"noopener\"><span style=\"font-weight: 400;\">abad\u00eda de Melk<\/span><\/a> <b>en la Baja Austria<\/b><span style=\"font-weight: 400;\">, cerca del valle de Wachau. Melk Abbey fue<\/span><b> fundada en 1089,<\/b><span style=\"font-weight: 400;\"> gracias a la donaci\u00f3n que Leopoldo II hizo a los monjes benedictinos de Lambach Abbey de uno de sus castillos.<\/span><\/p>\n<p><span style=\"font-weight: 400;\">El conjunto fue<\/span><b> renovado en el siglo XVIII<\/b><span style=\"font-weight: 400;\">: en este per\u00edodo tambi\u00e9n se construy\u00f3 la escalera helicoidal que se construy\u00f3 en un magn\u00edfico estilo barroco, as\u00ed como las partes de la abad\u00eda pertenecientes a esta fase. El siglo XVIII, de hecho, es el siglo por excelencia del asombro y la exaltaci\u00f3n escenogr\u00e1fica y por eso la mayor\u00eda de las escaleras m\u00e1s evocadoras de Europa pertenecen a este per\u00edodo hist\u00f3rico. Parada fija en una de las escaleras m\u00e1s bonitas de Europa.<\/span><\/p>\n<h3><span class=\"ez-toc-section\" id=\"Escalera_del_Bom_Jesus_do_Monte\"><\/span><strong>Escalera del Bom Jesus do Monte<\/strong><span class=\"ez-toc-section-end\"><\/span><\/h3>\n<p><img loading=\"lazy\" class=\"alignnone\" src=\"https:\/\/www.gopillaracademy.com\/blog\/wp-content\/uploads\/2021\/02\/Bom-Jesus-300x225.jpg\" alt=\"Escaleras m\u00e1s bonitas de Europa\" width=\"300\" height=\"225\" \/> \u00a0<img loading=\"lazy\" class=\"alignnone\" src=\"https:\/\/www.gopillaracademy.com\/blog\/wp-content\/uploads\/2021\/02\/Bom-Jesus-do-Monte-300x225.jpg\" alt=\"Escaleras m\u00e1s bonitas de Europa\" width=\"300\" height=\"225\" \/><\/p>\n<p><span style=\"font-weight: 400;\">Entre ellos, la escalera de Bom Jesus do Monte,<\/span><b> ubicada en Portugal<\/b><span style=\"font-weight: 400;\"> a pocos kil\u00f3metros de Braga, es un perfecto ejemplo del <\/span><b>estilo barroco <\/b><span style=\"font-weight: 400;\">del norte del pa\u00eds. La escalera, en este caso, tambi\u00e9n tiene un significado simb\u00f3lico ya que<\/span><i><span style=\"font-weight: 400;\"> representa el camino espiritual que deben recorrer los fieles para alcanzar la salvaci\u00f3n<\/span><\/i><span style=\"font-weight: 400;\">. Se trata de un doble tramo de escalones, compuesto por 17 descansillos decorados con fuentes y estatuas aleg\u00f3ricas, en el que cada descansillo, rinc\u00f3n, escultura, es deliberadamente teatral para dejar a quien lo recorre una sensaci\u00f3n de sorpresa.<\/span><\/p>\n<h3><span class=\"ez-toc-section\" id=\"Escalera_de_Trinita_dei_Monti\"><\/span><strong>Escalera de Trinit\u00e0 dei Monti<\/strong><span class=\"ez-toc-section-end\"><\/span><\/h3>\n<p><img loading=\"lazy\" class=\"alignnone\" src=\"https:\/\/www.gopillaracademy.com\/blog\/wp-content\/uploads\/2021\/02\/EUSOE2373-300x225.jpg\" alt=\"Escaleras m\u00e1s bonitas de Europa\" width=\"300\" height=\"225\" \/> \u00a0<img loading=\"lazy\" class=\"alignnone\" src=\"https:\/\/www.gopillaracademy.com\/blog\/wp-content\/uploads\/2021\/02\/IMG_6035-300x225.jpg\" alt=\"Escaleras m\u00e1s bonitas de Europa\" width=\"300\" height=\"225\" \/><\/p>\n<p><span style=\"font-weight: 400;\">Para quienes viven en Italia (pero quiz\u00e1s no solo) la quinta escalera no necesita presentaci\u00f3n: es la escalera de Trinit\u00e0 dei Monti <\/span><b>construida entre 1723 y 1726 <\/b><span style=\"font-weight: 400;\">por el arquitecto romano<\/span><b> Francesco De Sanctis <\/b><span style=\"font-weight: 400;\">para conectar las laderas del Pincio con la subyacente Piazza di Spagna.<\/span><\/p>\n<p><span style=\"font-weight: 400;\">De Sanctis dise\u00f1\u00f3 una gran escalera decorada con <\/span><b>numerosas terrazas ajardinadas<\/b><span style=\"font-weight: 400;\">, que suele estar decorada con muchas macetas en primavera\/verano. La escalera tiene una <\/span><b>estructura elegante y aristocr\u00e1tica<\/b><span style=\"font-weight: 400;\"> al mismo tiempo y se caracteriza por varias escenas de terrazas y por piedras sobre las que se encuentran los escudos de armas de la familia Conti -a la que pertenec\u00edan el Papa Inocencio XIII que quiso construirla- y los lirios de Francia ya que la zona siempre ha estado bajo<\/span><b> influencia francesa.<\/b><span style=\"font-weight: 400;\"> Quiz\u00e1s la mejor de las escaleras m\u00e1s hermosas de Europa.<\/span><\/p>\n<h3><span class=\"ez-toc-section\" id=\"Escalera_del_Palacio_de_Wurzburg\"><\/span><strong>Escalera del Palacio de W\u00fcrzburg<\/strong><span class=\"ez-toc-section-end\"><\/span><\/h3>\n<p><img loading=\"lazy\" class=\"alignnone\" src=\"https:\/\/www.gopillaracademy.com\/blog\/wp-content\/uploads\/2021\/02\/Wurzburg-Residenz-300x225.jpeg\" alt=\"Escaleras m\u00e1s bonitas de Europa\" width=\"300\" height=\"225\" \/> \u00a0<img loading=\"lazy\" class=\"alignnone\" src=\"https:\/\/www.gopillaracademy.com\/blog\/wp-content\/uploads\/2021\/02\/Wurzburg-300x225.jpeg\" alt=\"Escaleras m\u00e1s bonitas de Europa\" width=\"300\" height=\"225\" \/><\/p>\n<p><span style=\"font-weight: 400;\">Ser\u00eda imposible dejar fuera de esta discusi\u00f3n tambi\u00e9n el <\/span><a href=\"https:\/\/www.residenz-wuerzburg.de\/englisch\/residenz\/index.htm\" target=\"_blank\" rel=\"noopener\"><span style=\"font-weight: 400;\">palacio de W\u00fcrzburg<\/span><\/a><span style=\"font-weight: 400;\">, cuyas obras comenzaron en 1721 y continuaron a lo largo del siglo. Entre los artistas llamados a la corte tambi\u00e9n se encontraba <\/span><b>Giovanbattista Tiepolo<\/b><span style=\"font-weight: 400;\">, quien pint\u00f3 al fresco la Sala Imperial y la escalera principal de la residencia, una obra pict\u00f3rica de enorme valor y de extrema dificultad que sigue siendo hoy en d\u00eda uno de los mayores logros del arte de Tiepolo<\/span> <span style=\"font-weight: 400;\">que existen en el mundo. La estructura de la escalera fue dise\u00f1ada por el arquitecto <\/span><b>Balthasar Neumann<\/b><span style=\"font-weight: 400;\"> y es uno de los ejemplos m\u00e1s sublimes del <\/span><b>rococ\u00f3 alem\u00e1n.<\/b><\/p>\n<h3><span class=\"ez-toc-section\" id=\"Escalera_de_la_Opera_de_Paris\"><\/span><strong>Escalera de la \u00d3pera de Par\u00eds<\/strong><span class=\"ez-toc-section-end\"><\/span><\/h3>\n<p><img loading=\"lazy\" class=\"alignnone\" src=\"https:\/\/www.gopillaracademy.com\/blog\/wp-content\/uploads\/2021\/02\/Opera-Parigi-300x225.jpg\" alt=\"Escaleras m\u00e1s bonitas de Europa\" width=\"300\" height=\"225\" \/> \u00a0<img loading=\"lazy\" class=\"alignnone\" src=\"https:\/\/www.gopillaracademy.com\/blog\/wp-content\/uploads\/2021\/02\/Opera-Garnier-300x225.jpg\" alt=\"Escaleras m\u00e1s bonitas de Europa\" width=\"300\" height=\"225\" \/><\/p>\n<p><span style=\"font-weight: 400;\">La escalera de la \u00d3pera de Par\u00eds de <\/span><b>Charles Garnier<\/b><span style=\"font-weight: 400;\"> pertenece al <\/span><b>siglo XIX<\/b><span style=\"font-weight: 400;\">. El edificio de 1861 en el estilo del segundo imperio se convirti\u00f3 en un lugar fundamental para la<\/span><b> \u00e9lite parisina de la \u00e9poca.<\/b><span style=\"font-weight: 400;\"> El interior est\u00e1 formado por pasillos, habitaciones, escaleras, hornacinas y rellanos que se entrelazan y permiten acoger a un gran n\u00famero de personas. El reducido, o foyer, es el emblema de la riqueza del edificio, junto con la escalera interior, construida espec\u00edficamente para que los espectadores de los palcos puedan lucirse en sociedad.<\/span><\/p>\n<h3><span class=\"ez-toc-section\" id=\"Escalera_de_Florli_en_Noruega\"><\/span><strong>Escalera de Fl\u00f8rli en Noruega<\/strong><span class=\"ez-toc-section-end\"><\/span><\/h3>\n<p><img loading=\"lazy\" class=\"alignnone\" src=\"https:\/\/www.gopillaracademy.com\/blog\/wp-content\/uploads\/2021\/02\/Florli-Norvegia-300x225.jpg\" alt=\"Escaleras m\u00e1s bonitas de Europa\" width=\"300\" height=\"225\" \/> \u00a0<img loading=\"lazy\" class=\"alignnone\" src=\"https:\/\/www.gopillaracademy.com\/blog\/wp-content\/uploads\/2021\/02\/Florli-300x225.jpg\" alt=\"Escaleras m\u00e1s bonitas de Europa\" width=\"300\" height=\"225\" \/><\/p>\n<p><span style=\"font-weight: 400;\">Buscando las escaleras m\u00e1s bonitas de Europa, nos transladamos a Noruega. Cambiando completamente de estilo. Con una longitud de <\/span><b>4.444 escalones<\/b><span style=\"font-weight: 400;\">, la escalera Fl\u00f8rli est\u00e1 completamente <\/span><b>construida en madera<\/b><span style=\"font-weight: 400;\"> y se dice que se encuentra entre las m\u00e1s largas del mundo. El panorama que se puede ver paseando por \u00e9l es incre\u00edble: el fiordo de Lysefjord se abre ante los ojos del visitante y la mirada llega hasta el Preikestolen, el acantilado de granito que, de 604 metros de altura, termina sobre el fiordo.<\/span><\/p>\n<h3><span class=\"ez-toc-section\" id=\"Escalera_helicoidal_de_los_Museos_Vaticanos\"><\/span><strong>Escalera helicoidal de los Museos Vaticanos<\/strong><span class=\"ez-toc-section-end\"><\/span><\/h3>\n<p><img loading=\"lazy\" class=\"alignnone\" src=\"https:\/\/www.gopillaracademy.com\/blog\/wp-content\/uploads\/2021\/02\/musei-300x225.jpg\" alt=\"Escaleras m\u00e1s bonitas de Europa\" width=\"300\" height=\"225\" \/> \u00a0<img loading=\"lazy\" class=\"alignnone\" src=\"https:\/\/www.gopillaracademy.com\/blog\/wp-content\/uploads\/2021\/02\/Musei-Vaticani-scala-300x225.jpg\" alt=\"Escaleras m\u00e1s bonitas de Europa\" width=\"300\" height=\"225\" \/><\/p>\n<p><span style=\"font-weight: 400;\">La novena de las 10 escaleras m\u00e1s bonitas de <a href=\"https:\/\/www.gopillarnews.com\/es\/5-palacios-mas-lujosos-de-europa\/\"><strong>europa<\/strong><\/a>, es quiz\u00e1s la escalera de museo m\u00e1s famosa jam\u00e1s construida: estamos hablando de la<\/span><b> escalera Giuseppe Momo<\/b><span style=\"font-weight: 400;\"> dentro de los <\/span><a href=\"https:\/\/m.museivaticani.va\/content\/museivaticani-mobile\/en.html\" target=\"_blank\" rel=\"noopener\"><span style=\"font-weight: 400;\">Museos Vaticanos<\/span><\/a><span style=\"font-weight: 400;\">. La escalera helicoidal fue<\/span><b> encargada por el Papa P\u00edo XI<\/b><span style=\"font-weight: 400;\"> al arquitecto <\/span><b>en 1929<\/b><span style=\"font-weight: 400;\">: el propio Papa hizo cambios y sugerencias al proyecto sugiriendo la construcci\u00f3n dentro de un pozo a excavar en el terrapl\u00e9n de las antiguas murallas. La elegante estructura compuesta por dos rampas que se desarrollan a lo largo de una superficie c\u00f3nica fue realizada con<\/span><b> sienita para el piso, m\u00e1rmol cipollino para las paredes, <\/b><span style=\"font-weight: 400;\">mientras que<\/span><b> la balaustrada es de bronce <\/b><span style=\"font-weight: 400;\">y fue decorada por el <\/span><b>escultor Antonio Maraini.<\/b><\/p>\n<h3><span class=\"ez-toc-section\" id=\"Escalera_del_Centre_Pompidou\"><\/span><strong>Escalera del Centre Pompidou<\/strong><span class=\"ez-toc-section-end\"><\/span><\/h3>\n<p><img loading=\"lazy\" class=\"alignnone\" src=\"https:\/\/www.gopillaracademy.com\/blog\/wp-content\/uploads\/2021\/02\/Centre-Pompidou-300x225.jpg\" alt=\"Escaleras m\u00e1s bonitas de Europa\" width=\"300\" height=\"225\" \/> \u00a0<img loading=\"lazy\" class=\"alignnone\" src=\"https:\/\/www.gopillaracademy.com\/blog\/wp-content\/uploads\/2021\/02\/Centre_Pompidou_interieur-300x225.jpg\" alt=\"Escaleras m\u00e1s bonitas de Europa\" width=\"300\" height=\"225\" \/><\/p>\n<p><span style=\"font-weight: 400;\">La \u00faltima de las escaleras m\u00e1s bonitas de europa, es una obra maestra de la arquitectura de alta tecnolog\u00eda, una tendencia <\/span><b>desarrollada en los a\u00f1os setenta <\/b><span style=\"font-weight: 400;\">que <\/span><b>celebra los avances tecnol\u00f3gicos<\/b><span style=\"font-weight: 400;\"> que comenzaron a desarrollarse en esos a\u00f1os: estamos hablando del Centro Pompidou de Par\u00eds. Los <\/span><b>arquitectos Renzo Piano y Richard Rogers<\/b><span style=\"font-weight: 400;\"> crearon el edificio con una t\u00e9cnica de vanguardia para la \u00e9poca: un gran paralelep\u00edpedo sostenido por una estructura de acero y paredes de vidrio que casi parece una mara\u00f1a de vigas met\u00e1licas.<\/span><\/p>\n<p><span style=\"font-weight: 400;\">Todos los sistemas est\u00e1n ubicados en el exterior para dejar las superficies libres para acomodar los espacios del museo en el interior: cada tubo externo ha sido pintado con un color diferente correspondiente a una funci\u00f3n diferente (azul corresponde al sistema de aire acondicionado, amarillo a el\u00e9ctrico, rojo a Circulaci\u00f3n y verde para circuitos de agua.). La <\/span><b>escalera exterior <\/b><span style=\"font-weight: 400;\">es un elemento que atraviesa toda la elevaci\u00f3n a trav\u00e9s de la Place George Pompidou y tiene la apariencia de un largo tubo de acero espacial que catapulta al visitante al interior de esta magn\u00edfica m\u00e1quina de exhibici\u00f3n.<\/span><\/p>\n<p><a href=\"http:\/\/www.gopillaracademy.com\/es\/\" target=\"_blank\" rel=\"noopener\"><img loading=\"lazy\" class=\"alignleft size-large wp-image-16045\" src=\"https:\/\/www.gopillarnews.com\/wp-content\/uploads\/2022\/10\/BANNER-SPA-GENERICO-copia-1024x135.png\" alt=\"\" width=\"1024\" height=\"135\" \/><\/a><\/p>\n","protected":false},"excerpt":{"rendered":"<p>Entre los aspectos en los que los arquitectos siempre se han mimado est\u00e1, sin duda, la escalera: diferentes formas, colores y ubicaciones distinguen estos elementos arquitect\u00f3nicos que, si bien nacen con funciones estructurales, han evolucionado hacia un abanico infinito de articulaciones que a\u00fan hoy saben sorprender al observador. En este art\u00edculo hemos querido recopilar las &hellip;<\/p>\n","protected":false},"author":11,"featured_media":7942,"comment_status":"open","ping_status":"open","sticky":false,"template":"","format":"standard","meta":[],"categories":[468],"tags":[],"amp_enabled":true,"_links":{"self":[{"href":"https:\/\/www.gopillarnews.com\/es\/wp-json\/wp\/v2\/posts\/11161"}],"collection":[{"href":"https:\/\/www.gopillarnews.com\/es\/wp-json\/wp\/v2\/posts"}],"about":[{"href":"https:\/\/www.gopillarnews.com\/es\/wp-json\/wp\/v2\/types\/post"}],"author":[{"embeddable":true,"href":"https:\/\/www.gopillarnews.com\/es\/wp-json\/wp\/v2\/users\/11"}],"replies":[{"embeddable":true,"href":"https:\/\/www.gopillarnews.com\/es\/wp-json\/wp\/v2\/comments?post=11161"}],"version-history":[{"count":7,"href":"https:\/\/www.gopillarnews.com\/es\/wp-json\/wp\/v2\/posts\/11161\/revisions"}],"predecessor-version":[{"id":16519,"href":"https:\/\/www.gopillarnews.com\/es\/wp-json\/wp\/v2\/posts\/11161\/revisions\/16519"}],"wp:featuredmedia":[{"embeddable":true,"href":"https:\/\/www.gopillarnews.com\/es\/wp-json\/wp\/v2\/media\/7942"}],"wp:attachment":[{"href":"https:\/\/www.gopillarnews.com\/es\/wp-json\/wp\/v2\/media?parent=11161"}],"wp:term":[{"taxonomy":"category","embeddable":true,"href":"https:\/\/www.gopillarnews.com\/es\/wp-json\/wp\/v2\/categories?post=11161"},{"taxonomy":"post_tag","embeddable":true,"href":"https:\/\/www.gopillarnews.com\/es\/wp-json\/wp\/v2\/tags?post=11161"}],"curies":[{"name":"wp","href":"https:\/\/api.w.org\/{rel}","templated":true}]}}