{"id":11594,"date":"2021-06-15T11:35:58","date_gmt":"2021-06-15T11:35:58","guid":{"rendered":"https:\/\/www.gopillaracademy.com\/blog\/?p=11594"},"modified":"2023-03-09T12:51:47","modified_gmt":"2023-03-09T10:51:47","slug":"arquitectura-fascista-en-italia","status":"publish","type":"post","link":"https:\/\/www.gopillarnews.com\/es\/arquitectura-fascista-en-italia\/","title":{"rendered":"Arquitectura fascista en Italia"},"content":{"rendered":"<p><span style=\"font-weight: 400;\">Cada idea busca una imagen que la represente, proyectando una manifestaci\u00f3n visual que pueda hacerla concreta y tangible. Este fue el modus operandi de la arquitectura fascista en Italia.<\/span><\/p>\n<p><span style=\"font-weight: 400;\">En este caso, el r\u00e9gimen busc\u00f3 su expresi\u00f3n en los movimientos arquitect\u00f3nicos presentes en Italia entre las d\u00e9cadas de<\/span><b> 1920 y 1930<\/b><span style=\"font-weight: 400;\">. Primero prest\u00f3 atenci\u00f3n a la arquitectura racionalista, una uni\u00f3n entre el Movimiento Moderno y el Racionalismo italiano, as\u00ed como en fuerte armon\u00eda con las nuevas tendencias europeas del funcionalismo.<a href=\"https:\/\/www.gopillaracademy.com\/es\/shop\/\" target=\"_blank\" rel=\"noopener\"><img loading=\"lazy\" class=\"alignleft size-large wp-image-16045\" src=\"https:\/\/www.gopillarnews.com\/wp-content\/uploads\/2022\/10\/BANNER-SPA-GENERICO-copia-1024x135.png\" alt=\"\" width=\"1024\" height=\"135\" \/><\/a><\/span><\/p>\n<h2><strong>Arquitectura fascista en Italia, la historia del movimiento<\/strong><\/h2>\n<p><span style=\"font-weight: 400;\">Luego volvi\u00f3 su mirada hacia el movimiento del siglo XX, que rechaz\u00f3 las vanguardias de principios del siglo XX y la corriente racionalista contempor\u00e1nea, optando por un <\/span><b>&#8220;retorno a los or\u00edgenes&#8221;<\/b><span style=\"font-weight: 400;\"> con referencia al neoclasicismo lombardo del siglo XIX, reconocible en el modelo de un t\u00edpico broletto lombardo (un claro ejemplo es el de Como) con mucho arengario en medio de la torre.<\/span><\/p>\n<p><img loading=\"lazy\" class=\"alignnone\" src=\"https:\/\/www.gopillaracademy.com\/blog\/wp-content\/uploads\/2021\/04\/broletto-como.jpg\" alt=\"Arquitectura fascista\" width=\"1280\" height=\"878\" \/><\/p>\n<p><span style=\"font-weight: 400;\">Finalmente, se volvi\u00f3 hacia el <\/span><b>monumentalismo<\/b><span style=\"font-weight: 400;\">, una corriente caracterizada por fuertes interpretaciones escenogr\u00e1ficas. Estos estilos y corrientes a menudo se confunden y se asocian como una manifestaci\u00f3n \u00fanica de la &#8220;arquitectura fascista en Italia&#8221;. Err\u00f3neamente, ya que al final del ardiente proyecto del <\/span><b>MIAR (Movimiento Italiano de Arquitectos Racionalistas)<\/b><span style=\"font-weight: 400;\">, el r\u00e9gimen fascista niega firmemente sus v\u00ednculos con el Racionalismo.<\/span><\/p>\n<p><span style=\"font-weight: 400;\">De hecho, en los albores de la Segunda Guerra Mundial, la arquitectura fascista en Italia decidi\u00f3 definitivamente identificarse con la &#8220;Romanidad&#8221; expresado por los edificios monumentales del arquitecto romano <\/span><b>Marcello Piacentini<\/b><span style=\"font-weight: 400;\">. De hecho, los suyos son los despachos p\u00fablicos m\u00e1s grandes y ejemplares y su estilo influir\u00e1 en muchos otros arquitectos racionalistas como <\/span><b>Pagano, Libera y Michelucci.<\/b><a href=\"https:\/\/www.gopillaracademy.com\/es\/shop\/\" target=\"_blank\" rel=\"noopener\"><span style=\"font-weight: 400;\"><a href=\"https:\/\/www.gopillaracademy.com\/es\/shop\/\" target=\"_blank\" rel=\"noopener\"><img loading=\"lazy\" class=\"alignleft size-large wp-image-16045\" src=\"https:\/\/www.gopillarnews.com\/wp-content\/uploads\/2022\/10\/BANNER-SPA-GENERICO-copia-1024x135.png\" alt=\"\" width=\"1024\" height=\"135\" \/><\/a><\/span><\/a><\/p>\n<p><span style=\"font-weight: 400;\">El ejemplo m\u00e1s significativo de este compromiso se encontrar\u00e1 en el proyecto <\/span><b>EUR<\/b><span style=\"font-weight: 400;\"> en <a href=\"https:\/\/www.gopillarnews.com\/es\/barrios-de-roma-primera-parte\/\">Roma<\/a>, construido para la <\/span><b>Exposici\u00f3n Universal de la capital italiana en 1942<\/b><span style=\"font-weight: 400;\"> (de ah\u00ed tambi\u00e9n llamado E42). El barrio y sus edificios est\u00e1n dise\u00f1ados seg\u00fan plantas sim\u00e9tricas y bloqueadas, vol\u00famenes cerrados e imponentes que deben recordar la cuenca del mar Mediterr\u00e1neo, detalles arquitect\u00f3nicos de influencia cl\u00e1sica con revestimientos en losas de m\u00e1rmol blanco, arcadas r\u00edtmicas marcadas por columnas, arcos y simetr\u00edas.<\/span><\/p>\n<p><img loading=\"lazy\" class=\"alignnone\" src=\"https:\/\/www.gopillaracademy.com\/blog\/wp-content\/uploads\/2021\/04\/colosseo-quadrato-eur.jpg\" alt=\"Arquitectura fascista\" width=\"564\" height=\"705\" \/><\/p>\n<p><span style=\"font-weight: 400;\">Pero quiz\u00e1s la imagen ideol\u00f3gica de la arquitectura fascista en Italia sea m\u00e1s f\u00e1cilmente legible en la experiencia de las ciudades fundadoras.<\/span><\/p>\n<p><span style=\"font-weight: 400;\">De hecho, la recuperaci\u00f3n jug\u00f3 un papel fundamental en el programa, en particular el de la zona Pontino, con evidencias ideol\u00f3gicas espec\u00edficas en el uso del territorio y sus infraestructuras. De la cesi\u00f3n de fincas y terrenos, que promovi\u00f3 un desarrollo cultural, que impuls\u00f3 a muchos vecinos del norte de Italia a trasladarse al centro-sur de la pen\u00ednsula, pasamos a la construcci\u00f3n de conjuntos urbanos completos. Entre estos destacan <\/span><b>Littoria (ahora Latina), Guidonia y Sabaudia.<\/b><\/p>\n<p><img loading=\"lazy\" class=\"alignnone\" src=\"https:\/\/www.gopillaracademy.com\/blog\/wp-content\/uploads\/2021\/04\/eur-roma.jpg\" alt=\"Arquitectura fascista\" width=\"1000\" height=\"667\" \/><\/p>\n<p><span style=\"font-weight: 400;\">Por lo tanto, no fue f\u00e1cil para la arquitectura fascista encontrar una manifestaci\u00f3n visual que interactuara con las experiencias de la \u00e9poca, pero el legado de los arquitectos dibuja una representaci\u00f3n clara de lo que era la arquitectura fascista en Italia.<\/span><\/p>\n<p><img loading=\"lazy\" class=\"alignnone\" src=\"https:\/\/www.gopillaracademy.com\/blog\/wp-content\/uploads\/2021\/04\/Latina-piazza-liberta-scaled.jpg\" alt=\"Arquitectura fascista\" width=\"2560\" height=\"1692\" \/><\/p>\n","protected":false},"excerpt":{"rendered":"<p>Cada idea busca una imagen que la represente, proyectando una manifestaci\u00f3n visual que pueda hacerla concreta y tangible. Este fue el modus operandi de la arquitectura fascista en Italia. En este caso, el r\u00e9gimen busc\u00f3 su expresi\u00f3n en los movimientos arquitect\u00f3nicos presentes en Italia entre las d\u00e9cadas de 1920 y 1930. Primero prest\u00f3 atenci\u00f3n a &hellip;<\/p>\n","protected":false},"author":11,"featured_media":10289,"comment_status":"open","ping_status":"open","sticky":false,"template":"","format":"standard","meta":[],"categories":[468],"tags":[],"amp_enabled":true,"_links":{"self":[{"href":"https:\/\/www.gopillarnews.com\/es\/wp-json\/wp\/v2\/posts\/11594"}],"collection":[{"href":"https:\/\/www.gopillarnews.com\/es\/wp-json\/wp\/v2\/posts"}],"about":[{"href":"https:\/\/www.gopillarnews.com\/es\/wp-json\/wp\/v2\/types\/post"}],"author":[{"embeddable":true,"href":"https:\/\/www.gopillarnews.com\/es\/wp-json\/wp\/v2\/users\/11"}],"replies":[{"embeddable":true,"href":"https:\/\/www.gopillarnews.com\/es\/wp-json\/wp\/v2\/comments?post=11594"}],"version-history":[{"count":4,"href":"https:\/\/www.gopillarnews.com\/es\/wp-json\/wp\/v2\/posts\/11594\/revisions"}],"predecessor-version":[{"id":16680,"href":"https:\/\/www.gopillarnews.com\/es\/wp-json\/wp\/v2\/posts\/11594\/revisions\/16680"}],"wp:featuredmedia":[{"embeddable":true,"href":"https:\/\/www.gopillarnews.com\/es\/wp-json\/wp\/v2\/media\/10289"}],"wp:attachment":[{"href":"https:\/\/www.gopillarnews.com\/es\/wp-json\/wp\/v2\/media?parent=11594"}],"wp:term":[{"taxonomy":"category","embeddable":true,"href":"https:\/\/www.gopillarnews.com\/es\/wp-json\/wp\/v2\/categories?post=11594"},{"taxonomy":"post_tag","embeddable":true,"href":"https:\/\/www.gopillarnews.com\/es\/wp-json\/wp\/v2\/tags?post=11594"}],"curies":[{"name":"wp","href":"https:\/\/api.w.org\/{rel}","templated":true}]}}