{"id":11901,"date":"2021-06-23T10:22:58","date_gmt":"2021-06-23T10:22:58","guid":{"rendered":"https:\/\/www.gopillaracademy.com\/blog\/?p=11901"},"modified":"2023-03-09T12:16:24","modified_gmt":"2023-03-09T10:16:24","slug":"walter-gropius-y-la-bauhaus","status":"publish","type":"post","link":"https:\/\/www.gopillarnews.com\/es\/walter-gropius-y-la-bauhaus\/","title":{"rendered":"Walter Gropius y la Bauhaus"},"content":{"rendered":"<p><a href=\"https:\/\/www.gopillaracademy.com\/es\/shop\/\" target=\"_blank\" rel=\"noopener\"><img loading=\"lazy\" class=\"alignleft size-large wp-image-16045\" src=\"https:\/\/www.gopillarnews.com\/wp-content\/uploads\/2022\/10\/BANNER-SPA-GENERICO-copia-1024x135.png\" alt=\"\" width=\"1024\" height=\"135\" \/><\/a><\/p>\n<p><span style=\"font-weight: 400;\">La Bauhaus fue una <\/span><b>escuela de arquitectura y dise\u00f1o<\/b><span style=\"font-weight: 400;\"> nacida en Alemania y activa en el per\u00edodo comprendido entre <\/span><b>1919 y 1933. <\/b><span style=\"font-weight: 400;\">Naci\u00f3 en el contexto sociocultural de la Rep\u00fablica de Weimar, ciudad donde estuvo asentada de 1919 a 1925, mientras que primero se traslad\u00f3 a Dessau de 1925 a 1932, y finalmente a Berl\u00edn entre 1932 y 1933, y luego se cerr\u00f3 en <\/span><b>contraposici\u00f3n al ideal nazi<\/b><span style=\"font-weight: 400;\">.<\/span><\/p>\n<p><img loading=\"lazy\" class=\"alignnone\" src=\"https:\/\/www.gopillaracademy.com\/blog\/wp-content\/uploads\/2021\/06\/POST-IG-bauhaus-4.png\" alt=\"Bauhaus\" width=\"1080\" height=\"1080\" \/><\/p>\n<h3><b>Bauhaus: la historia<\/b><\/h3>\n<p><span style=\"font-weight: 400;\">La idea conceptual de la escuela fue obra de <\/span><b>Walter Gropius<\/b><span style=\"font-weight: 400;\">, quien cre\u00f3 su identidad y promovi\u00f3 su apertura. Concebido por Walter Gropius, el t\u00e9rmino <a href=\"https:\/\/www.domusweb.it\/en\/movements\/bauhaus.html\" target=\"_blank\" rel=\"noopener\">Bauhaus<\/a> recuerda la palabra medieval <\/span><b>\u201cBauh\u00fctte\u201d<\/b><span style=\"font-weight: 400;\">, que en espa\u00f1ol significa: cobertizo, indicando la logia de los alba\u00f1iles.<\/span><\/p>\n<p><span style=\"font-weight: 400;\">El edificio represent\u00f3 el punto de referencia para todos los <\/span><b>movimientos de innovaci\u00f3n<\/b><span style=\"font-weight: 400;\"> en el campo del dise\u00f1o y la arquitectura relacionados con el <\/span><b>racionalismo <\/b><span style=\"font-weight: 400;\">y el <\/span><b>funcionalismo<\/b><span style=\"font-weight: 400;\">, incorporados dentro del gran contenedor del <\/span><b>Movimiento Moderno.<\/b><\/p>\n<p><span style=\"font-weight: 400;\">Pero la<em><a href=\"https:\/\/www.gopillarnews.com\/es\/arquitectura-mejores-universidades\/\"> escuela<\/a> <\/em>tambi\u00e9n exalt\u00f3 el car\u00e1cter industrial de las ideas y los productos, tanto es as\u00ed que a\u00fan hoy la empresa alemana <\/span><b>Tecta <\/b><span style=\"font-weight: 400;\">produce reproducciones de elementos de mobiliario dise\u00f1ados por la Bauhaus, utilizando la ayuda de documentos y dibujos de la \u00e9poca.<\/span><\/p>\n<p><img loading=\"lazy\" class=\"alignnone\" src=\"https:\/\/www.gopillaracademy.com\/blog\/wp-content\/uploads\/2021\/06\/POST-IG-bauhaus-1.png\" alt=\"Bauhaus\" width=\"1080\" height=\"1080\" \/><\/p>\n<p><span style=\"font-weight: 400;\">Walter Gropius esper\u00f3 desde 1915 para poder dirigir de manera aut\u00f3noma la Escuela de Arte Aplicado de Weimar, que cerr\u00f3 cuando el caos mental (as\u00ed como social) de la \u00e9poca justific\u00f3 la destituci\u00f3n de su fundador <\/span><b>Henry van de Velde <\/b><span style=\"font-weight: 400;\">como extranjero. Sin embargo, van de Velde tuvo la lucidez de se\u00f1alar al propio Gropius al Ministerio, proponi\u00e9ndole como posible sucesor junto a Hermann Obrist o August Endell.\u00a0<\/span><\/p>\n<p><span style=\"font-weight: 400;\">En octubre del mismo a\u00f1o, Gropius fue llamado a dirigir la secci\u00f3n de arquitectura de la escuela por Fritz Mackensen, quien dirig\u00eda el Instituto Superior de Bellas Artes del Gran Ducado de Sajonia, con una carta. Sin embargo, hubo muchas diferencias entre los dos sobre la forma que deb\u00eda tener el curso de arquitectura.<\/span><\/p>\n<p><a href=\"https:\/\/www.gopillaracademy.com\/es\/shop\/\" target=\"_blank\" rel=\"noopener\"><img loading=\"lazy\" class=\"alignleft size-large wp-image-16045\" src=\"https:\/\/www.gopillarnews.com\/wp-content\/uploads\/2022\/10\/BANNER-SPA-GENERICO-copia-1024x135.png\" alt=\"\" width=\"1024\" height=\"135\" \/><\/a><\/p>\n<p><span style=\"font-weight: 400;\">La Bauhaus fue inicialmente subvencionada por la propia ciudad de Weimar, administrada en ese momento por la socialdemocracia. Sin embargo, tras el cambio de gobierno, varias disputas con las autoridades junto con una creciente hostilidad de la opini\u00f3n p\u00fablica en la ciudad llevaron al cierre definitivo del instituto en Weimar.<\/span><\/p>\n<p><span style=\"font-weight: 400;\">En 1925, la escuela se vio obligada a reabrir en <\/span><b>Dessau<\/b><span style=\"font-weight: 400;\">, donde se construy\u00f3 el famoso edificio que la albergar\u00e1, dise\u00f1ado por el propio Walter Gropius. El edificio representa el <\/span><b>manifiesto del nuevo clima racionalista<\/b><span style=\"font-weight: 400;\"> del que la Bauhaus se convirti\u00f3 en el principal exponente. En Dessau, el entusiasmo por la artesan\u00eda declin\u00f3, mientras que Gropius finalmente pudo ampliar los horizontes de la ense\u00f1anza de la arquitectura.<\/span><\/p>\n<p><img loading=\"lazy\" class=\"alignnone\" src=\"https:\/\/www.gopillaracademy.com\/blog\/wp-content\/uploads\/2021\/06\/POST-IG-bauhaus-2.png\" alt=\"Bauhaus\" width=\"1080\" height=\"1080\" \/><\/p>\n<p><span style=\"font-weight: 400;\">En este contexto, se intensificaron las publicaciones de la escuela, incluyendo la \u201cBauhausb\u00fccher\u201d y una revista cuatrimestral \u201cBauhaus\u201d, monogr\u00e1fica y compuesta con caracteres exclusivamente en min\u00fasculas y estandarizados seg\u00fan DIN.<a href=\"https:\/\/www.gopillaracademy.com\/es\/shop\/\" target=\"_blank\" rel=\"noopener\"><img loading=\"lazy\" class=\"alignleft size-large wp-image-16045\" src=\"https:\/\/www.gopillarnews.com\/wp-content\/uploads\/2022\/10\/BANNER-SPA-GENERICO-copia-1024x135.png\" alt=\"\" width=\"1024\" height=\"135\" \/><\/a><\/span><\/p>\n","protected":false},"excerpt":{"rendered":"<p>La Bauhaus fue una escuela de arquitectura y dise\u00f1o nacida en Alemania y activa en el per\u00edodo comprendido entre 1919 y 1933. Naci\u00f3 en el contexto sociocultural de la Rep\u00fablica de Weimar, ciudad donde estuvo asentada de 1919 a 1925, mientras que primero se traslad\u00f3 a Dessau de 1925 a 1932, y finalmente a Berl\u00edn &hellip;<\/p>\n","protected":false},"author":11,"featured_media":11520,"comment_status":"open","ping_status":"open","sticky":false,"template":"","format":"standard","meta":[],"categories":[468],"tags":[],"amp_enabled":true,"_links":{"self":[{"href":"https:\/\/www.gopillarnews.com\/es\/wp-json\/wp\/v2\/posts\/11901"}],"collection":[{"href":"https:\/\/www.gopillarnews.com\/es\/wp-json\/wp\/v2\/posts"}],"about":[{"href":"https:\/\/www.gopillarnews.com\/es\/wp-json\/wp\/v2\/types\/post"}],"author":[{"embeddable":true,"href":"https:\/\/www.gopillarnews.com\/es\/wp-json\/wp\/v2\/users\/11"}],"replies":[{"embeddable":true,"href":"https:\/\/www.gopillarnews.com\/es\/wp-json\/wp\/v2\/comments?post=11901"}],"version-history":[{"count":6,"href":"https:\/\/www.gopillarnews.com\/es\/wp-json\/wp\/v2\/posts\/11901\/revisions"}],"predecessor-version":[{"id":16668,"href":"https:\/\/www.gopillarnews.com\/es\/wp-json\/wp\/v2\/posts\/11901\/revisions\/16668"}],"wp:featuredmedia":[{"embeddable":true,"href":"https:\/\/www.gopillarnews.com\/es\/wp-json\/wp\/v2\/media\/11520"}],"wp:attachment":[{"href":"https:\/\/www.gopillarnews.com\/es\/wp-json\/wp\/v2\/media?parent=11901"}],"wp:term":[{"taxonomy":"category","embeddable":true,"href":"https:\/\/www.gopillarnews.com\/es\/wp-json\/wp\/v2\/categories?post=11901"},{"taxonomy":"post_tag","embeddable":true,"href":"https:\/\/www.gopillarnews.com\/es\/wp-json\/wp\/v2\/tags?post=11901"}],"curies":[{"name":"wp","href":"https:\/\/api.w.org\/{rel}","templated":true}]}}