{"id":13288,"date":"2021-09-14T16:54:56","date_gmt":"2021-09-14T14:54:56","guid":{"rendered":"https:\/\/www.gopillarnews.com\/?p=13288"},"modified":"2023-03-02T18:22:23","modified_gmt":"2023-03-02T16:22:23","slug":"multiplicar-espacio-de-un-mini-apartamento","status":"publish","type":"post","link":"https:\/\/www.gopillarnews.com\/es\/multiplicar-espacio-de-un-mini-apartamento\/","title":{"rendered":"C\u00f3mo maximizar el espacio de un mini apartamento de 26 m2"},"content":{"rendered":"<div id=\"ez-toc-container\" class=\"ez-toc-v2_0_22 counter-hierarchy counter-decimal\">\n<div class=\"ez-toc-title-container\">\n<p class=\"ez-toc-title\">Tabla de contenidos<\/p>\n<span class=\"ez-toc-title-toggle\"><a class=\"ez-toc-pull-right ez-toc-btn ez-toc-btn-xs ez-toc-btn-default ez-toc-toggle\" style=\"display: none;\"><i class=\"ez-toc-glyphicon ez-toc-icon-toggle\"><\/i><\/a><\/span><\/div>\n<nav><ul class=\"ez-toc-list ez-toc-list-level-1\"><li class=\"ez-toc-page-1 ez-toc-heading-level-2\"><a class=\"ez-toc-link ez-toc-heading-1\" href=\"https:\/\/www.gopillarnews.com\/es\/multiplicar-espacio-de-un-mini-apartamento\/#Maximizar_el_espacio_de_un_mini_apartamento_de_26_m2_Asi_lo_han_hecho_los_expertos_arquitectos_que_participan_en_los_concursos_organizados_por_GoPillar\" title=\"Maximizar el espacio de un mini apartamento de 26 m2. As\u00ed lo han hecho los expertos arquitectos que participan en los concursos organizados por GoPillar.\">Maximizar el espacio de un mini apartamento de 26 m2. As\u00ed lo han hecho los expertos arquitectos que participan en los concursos organizados por GoPillar.<\/a><\/li><li class=\"ez-toc-page-1 ez-toc-heading-level-2\"><a class=\"ez-toc-link ez-toc-heading-2\" href=\"https:\/\/www.gopillarnews.com\/es\/multiplicar-espacio-de-un-mini-apartamento\/#Mini_apartamento_la_propuesta_de_Elena_Pellegrini\" title=\"Mini apartamento: la propuesta de Elena Pellegrini\">Mini apartamento: la propuesta de Elena Pellegrini<\/a><\/li><li class=\"ez-toc-page-1 ez-toc-heading-level-2\"><a class=\"ez-toc-link ez-toc-heading-3\" href=\"https:\/\/www.gopillarnews.com\/es\/multiplicar-espacio-de-un-mini-apartamento\/#La_propuesta_de_Disa_Arch\" title=\"La propuesta de Disa Arch\">La propuesta de Disa Arch<\/a><ul class=\"ez-toc-list-level-3\"><li class=\"ez-toc-heading-level-3\"><a class=\"ez-toc-link ez-toc-heading-4\" href=\"https:\/\/www.gopillarnews.com\/es\/multiplicar-espacio-de-un-mini-apartamento\/#La_propuesta_de_Andres_Felipe_Martinez_Arismendy_para_el_mini_apartamento\" title=\"La propuesta de Andr\u00e9s Felipe Mart\u00ednez Arismendy para el mini apartamento\">La propuesta de Andr\u00e9s Felipe Mart\u00ednez Arismendy para el mini apartamento<\/a><\/li><\/ul><\/li><\/ul><\/nav><\/div>\n<h2><span class=\"ez-toc-section\" id=\"Maximizar_el_espacio_de_un_mini_apartamento_de_26_m2_Asi_lo_han_hecho_los_expertos_arquitectos_que_participan_en_los_concursos_organizados_por_GoPillar\"><\/span>Maximizar el espacio de un mini apartamento de 26 m2. As\u00ed lo han hecho los expertos arquitectos que participan en los concursos organizados por GoPillar.<span class=\"ez-toc-section-end\"><\/span><\/h2>\n<p><span style=\"font-weight: 400;\">Los objetivos eran distintos: desde crear un espacio de d\u00eda y de noche (gracias a un divisor) hasta hacer funcional la zona de estar para convivir con los amigos.<\/span><\/p>\n<p><a href=\"http:\/\/www.gopillar.com\/es\/\" target=\"_blank\" rel=\"noopener\"><img loading=\"lazy\" class=\"alignleft size-large wp-image-16051\" src=\"https:\/\/www.gopillarnews.com\/wp-content\/uploads\/2022\/10\/BANNER-SPA-GENERICO-1024x135.png\" alt=\"\" width=\"1024\" height=\"135\" \/><\/a><\/p>\n<p><em><strong>\u00bfC\u00f3mo conseguir maximizar un espacio de un mini apartamento de tan s\u00f3lo 26 metros cuadrados?<\/strong><\/em><\/p>\n<p><span style=\"font-weight: 400;\">Un cliente de Mil\u00e1n decidi\u00f3 recurrir a <\/span><a href=\"https:\/\/gopillar.com\/es\/\" target=\"_blank\" rel=\"noopener\"><span style=\"font-weight: 400;\">GoPillar<\/span><\/a><span style=\"font-weight: 400;\">, <strong>la comunidad de arquitectos e interioristas que permite a clientes privados recibir decenas de proyectos de profesionales de todo el mundo registrados en la plataforma.<\/strong> La solicitud del cliente se refer\u00eda a la renovaci\u00f3n y mejor disposici\u00f3n del mobiliario de un peque\u00f1o estudio de 26 metros cuadrados en Mil\u00e1n. Los objetivos eran diferentes: <strong>desde crear un espacio de d\u00eda y noche gracias al uso de un divisor hasta hacer funcional la zona de estar para convivir con amigos.<\/strong><\/span><\/p>\n<p><span style=\"font-weight: 400;\">De los 87 proyectos recibidos, <strong>queremos analizar tres.<\/strong><\/span><\/p>\n<h2><span class=\"ez-toc-section\" id=\"Mini_apartamento_la_propuesta_de_Elena_Pellegrini\"><\/span><strong>Mini apartamento: la propuesta de <a href=\"https:\/\/www.ilsole24ore.com\/art\/come-moltiplicare-spazio-minialloggio-26-metri-quadri-ADXp3WHB#\" target=\"_blank\" rel=\"noopener\">Elena Pellegrini<\/a><\/strong><span class=\"ez-toc-section-end\"><\/span><\/h2>\n<p><img loading=\"lazy\" class=\"alignnone\" src=\"https:\/\/i2.res.24o.it\/images2010\/Editrice\/ILSOLE24ORE\/CASA24\/2021\/02\/04\/Casa24\/ImmaginiWeb\/Ritagli\/Clipboard-0014-kAo-U301025024385IXH-600x313@IlSole24Ore-Web.png\" alt=\"mini apartamento\" width=\"600\" height=\"313\" \/><\/p>\n<p><span style=\"font-weight: 400;\">El profesional respondi\u00f3 perfectamente al desaf\u00edo del cliente,<strong> obteniendo un 10 como nota final.<\/strong> El ba\u00f1o se dej\u00f3 en la misma posici\u00f3n que ocupaba antes de la reforma, con la misma distribuci\u00f3n de los sanitarios. De hecho, <strong>el foco se coloc\u00f3 en la sala de estar, aireada, luminosa y funcional.<\/strong> Incluso la cocina, por razones de ahorro en ingenier\u00eda de la planta, se dej\u00f3 en la misma posici\u00f3n, con la adici\u00f3n de un lavavajillas (seg\u00fan lo solicitado). El punto de inflexi\u00f3n del proyecto lo da el divisor de vidrio, que permite iluminar la zona de dormitorio. Finalmente, el espacio se dedic\u00f3 a un peque\u00f1o armario\/lavadero y un bonito armario.<\/span><\/p>\n<h2><span class=\"ez-toc-section\" id=\"La_propuesta_de_Disa_Arch\"><\/span><strong>La propuesta de <a href=\"https:\/\/www.ilsole24ore.com\/art\/come-moltiplicare-spazio-minialloggio-26-metri-quadri-ADXp3WHB#\" target=\"_blank\" rel=\"noopener\">Disa Arch<\/a><\/strong><span class=\"ez-toc-section-end\"><\/span><\/h2>\n<p><img loading=\"lazy\" class=\"alignnone\" src=\"https:\/\/i2.res.24o.it\/images2010\/Editrice\/ILSOLE24ORE\/CASA24\/2021\/02\/04\/Casa24\/ImmaginiWeb\/Ritagli\/Clipboard-0015-kAo-U301025024385kwB-600x313@IlSole24Ore-Web.png\" alt=\"mini apartamento\" width=\"600\" height=\"313\" \/><\/p>\n<p><span style=\"font-weight: 400;\">El objetivo del profesional era <strong>maximizar los 26 metros cuadrados del apartamento, intentando reorganizar la distribuci\u00f3n del lugar y utilizar el armario de una forma diferente.<\/strong> La idea era dar una identidad reconocible, con un asiento fijo, as\u00ed como un mueble, a los lados de la mesa (extensible para acomodar a los amigos). Todo ello con tonos claros y el uso de elegantes maderas para las superficies, mobiliario y asiento fijo.<\/span><\/p>\n<h3><span class=\"ez-toc-section\" id=\"La_propuesta_de_Andres_Felipe_Martinez_Arismendy_para_el_mini_apartamento\"><\/span><strong>La propuesta de <a href=\"https:\/\/www.ilsole24ore.com\/art\/come-moltiplicare-spazio-minialloggio-26-metri-quadri-ADXp3WHB#\" target=\"_blank\" rel=\"noopener\">Andr\u00e9s Felipe Mart\u00ednez Arismendy <\/a><\/strong><strong>para el<a href=\"https:\/\/www.gopillarnews.com\/es\/division-de-un-piso-en-dos-monza-italia\/\"> mini apartamento<\/a><\/strong><span class=\"ez-toc-section-end\"><\/span><\/h3>\n<p><img loading=\"lazy\" class=\"alignnone\" src=\"https:\/\/i2.res.24o.it\/images2010\/Editrice\/ILSOLE24ORE\/CASA24\/2021\/02\/04\/Casa24\/ImmaginiWeb\/Ritagli\/Clipboard-0016-kAo-U301025024385XvB-600x313@IlSole24Ore-Web.png\" alt=\"mini apartamento\" width=\"600\" height=\"313\" \/><\/p>\n<p><span style=\"font-weight: 400;\">Seg\u00fan lo solicitado por el cliente, el punto central de todo el proyecto fue dar la idea de amplitud a los 26 metros cuadrados y de extrema funcionalidad de todo el entorno. La cocina tiene dos estantes (arriba y abajo) para guardar tantos utensilios como sea posible, seg\u00fan pedido claro. Adem\u00e1s, <strong>la cocina &#8220;contin\u00faa&#8221; sobre la mesa, utilizada como barra de bar,<\/strong> con m\u00e1s espacio para los utensilios y capacidad para albergar hasta cinco comensales. <\/span><\/p>\n<p><span style=\"font-weight: 400;\">El ba\u00f1o se ha mantenido en la misma posici\u00f3n, pero ligeramente ampliado para acomodar una lavadora (de lo contrario, ser\u00eda imposible colocarlo en esa superficie).<strong> La elegancia del apartamento viene dada por un gran sof\u00e1 y un espacio de convivencia donde se pueden recibir visitas.<\/strong> La cama queda escondida en un rinc\u00f3n de la casa, para no comprometer la funcionalidad y el espacio disponible.<\/span><\/p>\n<p><a href=\"http:\/\/www.gopillar.com\/es\/\" target=\"_blank\" rel=\"noopener\"><img loading=\"lazy\" class=\"alignleft size-large wp-image-16051\" src=\"https:\/\/www.gopillarnews.com\/wp-content\/uploads\/2022\/10\/BANNER-SPA-GENERICO-1024x135.png\" alt=\"\" width=\"1024\" height=\"135\" \/><\/a><\/p>\n","protected":false},"excerpt":{"rendered":"<p>Tabla de contenidos Maximizar el espacio de un mini apartamento de 26 m2. As\u00ed lo han hecho los expertos arquitectos que participan en los concursos organizados por GoPillar.Mini apartamento: la propuesta de Elena PellegriniLa propuesta de Disa ArchLa propuesta de Andr\u00e9s Felipe Mart\u00ednez Arismendy para el mini apartamento Maximizar el espacio de un mini apartamento &hellip;<\/p>\n","protected":false},"author":11,"featured_media":13289,"comment_status":"open","ping_status":"open","sticky":false,"template":"","format":"standard","meta":[],"categories":[433],"tags":[],"amp_enabled":true,"_links":{"self":[{"href":"https:\/\/www.gopillarnews.com\/es\/wp-json\/wp\/v2\/posts\/13288"}],"collection":[{"href":"https:\/\/www.gopillarnews.com\/es\/wp-json\/wp\/v2\/posts"}],"about":[{"href":"https:\/\/www.gopillarnews.com\/es\/wp-json\/wp\/v2\/types\/post"}],"author":[{"embeddable":true,"href":"https:\/\/www.gopillarnews.com\/es\/wp-json\/wp\/v2\/users\/11"}],"replies":[{"embeddable":true,"href":"https:\/\/www.gopillarnews.com\/es\/wp-json\/wp\/v2\/comments?post=13288"}],"version-history":[{"count":5,"href":"https:\/\/www.gopillarnews.com\/es\/wp-json\/wp\/v2\/posts\/13288\/revisions"}],"predecessor-version":[{"id":16594,"href":"https:\/\/www.gopillarnews.com\/es\/wp-json\/wp\/v2\/posts\/13288\/revisions\/16594"}],"wp:featuredmedia":[{"embeddable":true,"href":"https:\/\/www.gopillarnews.com\/es\/wp-json\/wp\/v2\/media\/13289"}],"wp:attachment":[{"href":"https:\/\/www.gopillarnews.com\/es\/wp-json\/wp\/v2\/media?parent=13288"}],"wp:term":[{"taxonomy":"category","embeddable":true,"href":"https:\/\/www.gopillarnews.com\/es\/wp-json\/wp\/v2\/categories?post=13288"},{"taxonomy":"post_tag","embeddable":true,"href":"https:\/\/www.gopillarnews.com\/es\/wp-json\/wp\/v2\/tags?post=13288"}],"curies":[{"name":"wp","href":"https:\/\/api.w.org\/{rel}","templated":true}]}}