{"id":13333,"date":"2021-09-15T18:22:27","date_gmt":"2021-09-15T16:22:27","guid":{"rendered":"https:\/\/www.gopillarnews.com\/?p=13333"},"modified":"2023-03-02T17:53:47","modified_gmt":"2023-03-02T15:53:47","slug":"como-disenar-un-jardin-consejos-gopillar","status":"publish","type":"post","link":"https:\/\/www.gopillarnews.com\/es\/como-disenar-un-jardin-consejos-gopillar\/","title":{"rendered":"C\u00f3mo dise\u00f1ar un jard\u00edn, aqu\u00ed est\u00e1n los consejos de los dise\u00f1adores para amueblarlo."},"content":{"rendered":"<div id=\"ez-toc-container\" class=\"ez-toc-v2_0_22 counter-hierarchy counter-decimal\">\n<div class=\"ez-toc-title-container\">\n<p class=\"ez-toc-title\">Tabla de contenidos<\/p>\n<span class=\"ez-toc-title-toggle\"><a class=\"ez-toc-pull-right ez-toc-btn ez-toc-btn-xs ez-toc-btn-default ez-toc-toggle\" style=\"display: none;\"><i class=\"ez-toc-glyphicon ez-toc-icon-toggle\"><\/i><\/a><\/span><\/div>\n<nav><ul class=\"ez-toc-list ez-toc-list-level-1\"><li class=\"ez-toc-page-1 ez-toc-heading-level-3\"><a class=\"ez-toc-link ez-toc-heading-1\" href=\"https:\/\/www.gopillarnews.com\/es\/como-disenar-un-jardin-consejos-gopillar\/#Como_disenar_un_jardin_Aprende_los_consejos_de_la_mano_de_los_mejores_profesionales_del_sector_Los_arquitectos_que_participan_en_los_concursos_que_organiza_GoPillar\" title=\"C\u00f3mo dise\u00f1ar un jard\u00edn. Aprende los consejos de la mano de los mejores profesionales del sector. Los arquitectos que participan en los concursos que organiza GoPillar.\">C\u00f3mo dise\u00f1ar un jard\u00edn. Aprende los consejos de la mano de los mejores profesionales del sector. Los arquitectos que participan en los concursos que organiza GoPillar.<\/a><ul class=\"ez-toc-list-level-4\"><li class=\"ez-toc-heading-level-4\"><a class=\"ez-toc-link ez-toc-heading-2\" href=\"https:\/\/www.gopillarnews.com\/es\/como-disenar-un-jardin-consejos-gopillar\/#Como_disenar_un_jardin\" title=\"C\u00f3mo dise\u00f1ar un jard\u00edn:\">C\u00f3mo dise\u00f1ar un jard\u00edn:<\/a><\/li><\/ul><\/li><li class=\"ez-toc-page-1 ez-toc-heading-level-3\"><a class=\"ez-toc-link ez-toc-heading-3\" href=\"https:\/\/www.gopillarnews.com\/es\/como-disenar-un-jardin-consejos-gopillar\/#Para_renovar_y_reestructurar_tu_hogar_GoPillar_es_el_servicio_ideal_Inicia_tu_concurso_de_diseno_establece_una_duracion_y_recibe_docenas_de_disenos_de_alta_calidad_entre_los_cuales_elegir\" title=\"Para renovar y reestructurar tu hogar,\u00a0GoPillar\u00a0es el servicio ideal. Inicia tu concurso de dise\u00f1o, establece una duraci\u00f3n y recibe docenas de dise\u00f1os de alta calidad entre los cuales elegir.\">Para renovar y reestructurar tu hogar,\u00a0GoPillar\u00a0es el servicio ideal. Inicia tu concurso de dise\u00f1o, establece una duraci\u00f3n y recibe docenas de dise\u00f1os de alta calidad entre los cuales elegir.<\/a><\/li><\/ul><\/nav><\/div>\n<h3><span class=\"ez-toc-section\" id=\"Como_disenar_un_jardin_Aprende_los_consejos_de_la_mano_de_los_mejores_profesionales_del_sector_Los_arquitectos_que_participan_en_los_concursos_que_organiza_GoPillar\"><\/span>C\u00f3mo dise\u00f1ar un jard\u00edn. Aprende los consejos de la mano de los mejores profesionales del sector. Los arquitectos que participan en los concursos que organiza GoPillar.<span class=\"ez-toc-section-end\"><\/span><\/h3>\n<p><span style=\"font-weight: 400;\">Dise\u00f1ar y amueblar el jard\u00edn es una de las partes m\u00e1s complejas de la decoraci\u00f3n del hogar. Para aprovechar al m\u00e1ximo los espacios exteriores ser\u00eda mejor contactar con profesionales del sector. Como en el caso de esta joven familia de Cuneo que confi\u00f3 en la plataforma <\/span><b><a href=\"https:\/\/gopillar.com\/es\/\" target=\"_blank\" rel=\"noopener\">GoPillar<\/a> <\/b><span style=\"font-weight: 400;\">para la planificaci\u00f3n arquitect\u00f3nica y del dise\u00f1o, de esta manera pudieron evaluar las soluciones de dise\u00f1o de m\u00faltiples dise\u00f1adores de jardines antes de elegir la que construir.<\/span><\/p>\n<p><a href=\"http:\/\/www.gopillar.com\/es\/\" target=\"_blank\" rel=\"noopener\"><img loading=\"lazy\" class=\"alignleft size-large wp-image-16051\" src=\"https:\/\/www.gopillarnews.com\/wp-content\/uploads\/2022\/10\/BANNER-SPA-GENERICO-1024x135.png\" alt=\"\" width=\"1024\" height=\"135\" \/><\/a><\/p>\n<h4><span class=\"ez-toc-section\" id=\"Como_disenar_un_jardin\"><\/span><strong>C\u00f3mo dise\u00f1ar un jard\u00edn:<\/strong><span class=\"ez-toc-section-end\"><\/span><\/h4>\n<p><span style=\"font-weight: 400;\">La propuesta de proyecto de <\/span><b>Gianluca Canzini <\/b><span style=\"font-weight: 400;\">se desarroll\u00f3 tratando de recrear un camino ideal que evolucione sobre el eje principal del \u00e1rea verde, coloc\u00e1ndose alrededor de las \u00e1reas funcionales solicitadas por el cliente con el fin de flexibilizarlas en el tiempo.<\/span><\/p>\n<p><img loading=\"lazy\" class=\"alignnone\" src=\"https:\/\/st3.idealista.it\/news\/archivie\/styles\/news_detail\/public\/2018-09\/giansoibewasrbefewekefme_1_render_ingresso_giorno.jpg?sv=Qgd2_BqK&amp;itok=o3_2SIjU\" alt=\"c\u00f3mo dise\u00f1ar un jard\u00edn\" width=\"640\" height=\"427\" \/><\/p>\n<p><span style=\"font-weight: 400;\">El camino comienza con un c\u00e9sped reforzado con ladrillos de hormig\u00f3n que se abre tanto hacia el garaje como hacia la entrada a la parte m\u00e1s escondida del jard\u00edn. Aqu\u00ed hay un tramo rodeado de \u00e1rboles que conduce al cuerpo central del exterior.<\/span><\/p>\n<p><img loading=\"lazy\" class=\"alignnone\" src=\"https:\/\/st3.idealista.it\/news\/archivie\/styles\/news_detail\/public\/2018-09\/giant9uwhqsf24vwaywea1hg_1_render_barriera.jpg?sv=bYW53ATf&amp;itok=2qpCYHV6\" alt=\"c\u00f3mo dise\u00f1ar un jard\u00edn\" width=\"640\" height=\"320\" \/><\/p>\n<p><span style=\"font-weight: 400;\">La divisi\u00f3n de esta pieza se realiza a trav\u00e9s de un h\u00e1bil juego de materiales, los suelos de madera el comedor con vistas a la casa, las paredes de piedra en cambio rodean los dos peque\u00f1os huertos dom\u00e9sticos, el de las verduras y el de las especias.<\/span><\/p>\n<p><img loading=\"lazy\" class=\"alignnone\" src=\"https:\/\/st3.idealista.it\/news\/archivie\/styles\/news_detail\/public\/2018-09\/gianzedk4e3tc92xwnesinew_1_render_giardino.jpg?sv=AXDcj3YT&amp;itok=Kg6vp623\" alt=\"c\u00f3mo dise\u00f1ar un jard\u00edn\" width=\"640\" height=\"320\" \/><\/p>\n<p><span style=\"font-weight: 400;\">La soluci\u00f3n sobre<a href=\"https:\/\/www.gopillarnews.com\/es\/como-disenar-un-jardin-con-piscina\/\"><em> c\u00f3mo dise\u00f1ar un jard\u00edn<\/em> <\/a>propuesta por el arquitecto turco<\/span><b> Nyamdash Gerel<\/b><span style=\"font-weight: 400;\">\u00a0en cambio, se desarrolla en torno a un cuerpo principal formado por un suelo de madera que atraviesa una p\u00e9rgola. Aqu\u00ed es donde se encuentran el comedor y la sala de estar. Tambi\u00e9n hay un invernadero transparente esc\u00e9nico que alberga el jard\u00edn de la casa.<\/span><\/p>\n<p><span style=\"font-weight: 400;\">El gran espacio central que se deja libre est\u00e1 destinado a ser una zona de juegos para los ni\u00f1os. Todo est\u00e1 rodeado de altos paneles de madera y vidrios oscurecidos para garantizar la privacidad e intimidad de los habitantes en todos los espacios.<\/span><\/p>\n<p><img loading=\"lazy\" class=\"alignnone\" src=\"https:\/\/st3.idealista.it\/news\/archivie\/styles\/news_detail\/public\/2018-09\/ger6je2qgrhrtqev1ldthol_redner2.jpg?sv=crLhZMPq&amp;itok=5dnairn7\" alt=\"c\u00f3mo dise\u00f1ar un jard\u00edn\" width=\"640\" height=\"349\" \/><\/p>\n<p><img loading=\"lazy\" class=\"alignnone\" src=\"https:\/\/st3.idealista.it\/news\/archivie\/styles\/news_detail\/public\/2018-09\/gerzcgov3lqx6ol75xduz25_render.jpg?sv=U18eLrpY&amp;itok=c6MxmhPw\" alt=\"c\u00f3mo dise\u00f1ar un jard\u00edn\" width=\"640\" height=\"364\" \/><\/p>\n<p><span style=\"font-weight: 400;\">En el proyecto de<\/span><b> Aldo Mihilli,<\/b><span style=\"font-weight: 400;\"> el jard\u00edn est\u00e1 separado del garaje y la zona de aparcamiento por un muro estructurado en semi c\u00edrculo que encierra un olivo. La pared baja se puede utilizar como asiento y la zona interior como zona de juegos para ni\u00f1os.<\/span><\/p>\n<p><img loading=\"lazy\" class=\"alignnone\" src=\"https:\/\/st3.idealista.it\/news\/archivie\/styles\/news_detail\/public\/2018-09\/algosyclg9rngrho3c4k2k_b.jpg?sv=K6fwaY1U&amp;itok=sjCmK_0W\" alt=\"c\u00f3mo dise\u00f1ar un jard\u00edn\" width=\"640\" height=\"360\" \/><\/p>\n<p><span style=\"font-weight: 400;\">Desde esta zona de ingreso se accede a la zona m\u00e1s interior que consta de un patio de madera que conduce desde el jard\u00edn a un huerto en terrazas. Por un lado est\u00e1 la zona de comedor, con la mesa cubierta por una cortina amovible, por el otro est\u00e1 la zona de relax con su ducha exterior flanqueada por una fuente esc\u00e9nica con chorros ondulados que remata con tres grandes lavabos de piedra.<\/span><\/p>\n<p><img loading=\"lazy\" class=\"alignnone\" src=\"https:\/\/st3.idealista.it\/news\/archivie\/styles\/news_detail\/public\/2018-09\/aloay9syuorxcjchsmbxsn_e.jpg?sv=MtDCPhsb&amp;itok=dCs1LD5G\" alt=\"c\u00f3mo dise\u00f1ar un jard\u00edn\" width=\"640\" height=\"360\" \/><\/p>\n<p>Esperemos que os hayan gustado las ideas propuestas por nuestra comunidad de arquitectos sobre c\u00f3mo dise\u00f1ar un jard\u00edn y que os ayuden a poder dise\u00f1ar la parte exterior de vuestro hogar optimizando los espacios al m\u00e1ximo.<a href=\"http:\/\/www.gopillar.com\/es\/\" target=\"_blank\" rel=\"noopener\"><img loading=\"lazy\" class=\"alignleft size-large wp-image-16051\" src=\"https:\/\/www.gopillarnews.com\/wp-content\/uploads\/2022\/10\/BANNER-SPA-GENERICO-1024x135.png\" alt=\"\" width=\"1024\" height=\"135\" \/><\/a><\/p>\n<h3><span class=\"ez-toc-section\" id=\"Para_renovar_y_reestructurar_tu_hogar_GoPillar_es_el_servicio_ideal_Inicia_tu_concurso_de_diseno_establece_una_duracion_y_recibe_docenas_de_disenos_de_alta_calidad_entre_los_cuales_elegir\"><\/span>Para renovar y reestructurar tu hogar,\u00a0<a href=\"https:\/\/gopillar.com\/es\/\" target=\"_blank\" rel=\"noopener\"><strong>GoPillar<\/strong>\u00a0<\/a>es el servicio ideal. Inicia tu concurso de dise\u00f1o, establece una duraci\u00f3n y recibe docenas de dise\u00f1os de alta calidad entre los cuales elegir.<span class=\"ez-toc-section-end\"><\/span><\/h3>\n","protected":false},"excerpt":{"rendered":"<p>Tabla de contenidos C\u00f3mo dise\u00f1ar un jard\u00edn. Aprende los consejos de la mano de los mejores profesionales del sector. Los arquitectos que participan en los concursos que organiza GoPillar.C\u00f3mo dise\u00f1ar un jard\u00edn:Para renovar y reestructurar tu hogar,\u00a0GoPillar\u00a0es el servicio ideal. Inicia tu concurso de dise\u00f1o, establece una duraci\u00f3n y recibe docenas de dise\u00f1os de alta &hellip;<\/p>\n","protected":false},"author":11,"featured_media":13334,"comment_status":"open","ping_status":"open","sticky":false,"template":"","format":"standard","meta":[],"categories":[472],"tags":[],"amp_enabled":true,"_links":{"self":[{"href":"https:\/\/www.gopillarnews.com\/es\/wp-json\/wp\/v2\/posts\/13333"}],"collection":[{"href":"https:\/\/www.gopillarnews.com\/es\/wp-json\/wp\/v2\/posts"}],"about":[{"href":"https:\/\/www.gopillarnews.com\/es\/wp-json\/wp\/v2\/types\/post"}],"author":[{"embeddable":true,"href":"https:\/\/www.gopillarnews.com\/es\/wp-json\/wp\/v2\/users\/11"}],"replies":[{"embeddable":true,"href":"https:\/\/www.gopillarnews.com\/es\/wp-json\/wp\/v2\/comments?post=13333"}],"version-history":[{"count":5,"href":"https:\/\/www.gopillarnews.com\/es\/wp-json\/wp\/v2\/posts\/13333\/revisions"}],"predecessor-version":[{"id":16592,"href":"https:\/\/www.gopillarnews.com\/es\/wp-json\/wp\/v2\/posts\/13333\/revisions\/16592"}],"wp:featuredmedia":[{"embeddable":true,"href":"https:\/\/www.gopillarnews.com\/es\/wp-json\/wp\/v2\/media\/13334"}],"wp:attachment":[{"href":"https:\/\/www.gopillarnews.com\/es\/wp-json\/wp\/v2\/media?parent=13333"}],"wp:term":[{"taxonomy":"category","embeddable":true,"href":"https:\/\/www.gopillarnews.com\/es\/wp-json\/wp\/v2\/categories?post=13333"},{"taxonomy":"post_tag","embeddable":true,"href":"https:\/\/www.gopillarnews.com\/es\/wp-json\/wp\/v2\/tags?post=13333"}],"curies":[{"name":"wp","href":"https:\/\/api.w.org\/{rel}","templated":true}]}}