{"id":3347,"date":"2019-12-13T16:56:38","date_gmt":"2019-12-13T16:56:38","guid":{"rendered":"https:\/\/www.gopillaracademy.com\/blog\/?p=3347"},"modified":"2023-03-27T12:50:00","modified_gmt":"2023-03-27T10:50:00","slug":"uso-del-bim-interrogatorio-senado","status":"publish","type":"post","link":"https:\/\/www.gopillarnews.com\/es\/uso-del-bim-interrogatorio-senado\/","title":{"rendered":"Asignaci\u00f3n de servicios de ingenier\u00eda y arquitectura y uso del BIM Building Information Modeling: Interrogatorio al Senado"},"content":{"rendered":"\r\n<p>El interrogatorio le pregunta al ministro Toninelli c\u00f3mo piensa proceder para alentar el uso correcto y uniforme de los m\u00e9todos y herramientas electr\u00f3nicos (incluido el modelado de informaci\u00f3n de construcci\u00f3n <a class=\"rank-math-link\" href=\"https:\/\/www.bimobject.com\/es\/product?sort=trending\" target=\"_blank\" rel=\"noopener\">BIM<\/a>), <strong>y para apoyar a las administraciones en la implementaci\u00f3n de las disposiciones del art\u00edculo 3 del decreto ministerial n\u00famero: 560\/2017.<\/strong><a href=\"https:\/\/www.gopillaracademy.com\/es\/product\/curso-completo-de-diseno-en-bim-con-revit\/?coupon=blogdescuento\" target=\"_blank\" rel=\"noopener\"><img loading=\"lazy\" class=\"alignleft size-large wp-image-16048\" src=\"https:\/\/www.gopillarnews.com\/wp-content\/uploads\/2022\/10\/BANNER-SPA-Revit-BIM-1-1024x135.jpg\" alt=\"\" width=\"1024\" height=\"135\" \/><\/a><\/p>\r\n\r\n\r\n\r\n\r\n\r\n<p>El pasado 28 de mayo, se present\u00f3 al Senado el interrogatorio oral del Senador Salvatore Margiotta 3-00846, sobre la asignaci\u00f3n de servicios de ingenier\u00eda y arquitectura por parte de las estaciones contratantes, y<strong> el uso del BIM.<\/strong><\/p>\r\n\r\n\r\n\r\n\r\n\r\n<p>La pregunta est\u00e1 dirigida al Ministro de Infraestructura y Transporte, Danilo Toninelli.<\/p>\r\n\r\n\r\n\r\n<p><strong>Dado que: el 18 de abril de 2019, la secci\u00f3n consultiva para los actos legislativos del Consejo de Estado expres\u00f3 su opini\u00f3n sobre la actualizaci\u00f3n de las directrices n. 1, que contiene &#8220;Directrices generales sobre la concesi\u00f3n de servicios relacionados con la arquitectura y la ingenier\u00eda&#8221;, en aplicaci\u00f3n del art\u00edculo 213, p\u00e1rrafo 2, del decreto legislativo de 18 de abril de 2016, n. 50;<\/strong><\/p>\r\n\r\n\r\n\r\n<ul>\r\n<li>las pautas n. 1 fueron presentadas por ANAC para su revisi\u00f3n y actualizaci\u00f3n en consideraci\u00f3n de la emisi\u00f3n del decreto del Ministro de Infraestructura y Transporte el 1 de diciembre de 2017, n. 560, sobre el uso de m\u00e9todos y herramientas electr\u00f3nicos espec\u00edficos, como el modelado para infraestructura y construcci\u00f3n, con el objetivo de proporcionar a las estaciones contratantes indicaciones operativas sobre los procedimientos para la adjudicaci\u00f3n de servicios relacionados con la arquitectura e ingenier\u00eda mediante el uso de los m\u00e9todos y herramientas electr\u00f3nicos antes mencionados, o para el uso del denominado <a href=\"https:\/\/www.gopillarnews.com\/es\/archicad-el-software-bim-para-arquitectos\/\"><strong>Modelado de Informaci\u00f3n de Construcci\u00f3n BIM;<\/strong><\/a><\/li>\r\n<\/ul>\r\n\r\n\r\n\r\n<ul>\r\n<li>La Autoridad ha manifestado que <strong>las directrices se prepararon como resultado de una consulta p\u00fablica<\/strong> realizada en modo abierto y declar\u00f3 que el documento presentado para su opini\u00f3n constituye el resultado de la evaluaci\u00f3n y la ponderaci\u00f3n de las observaciones formuladas por las partes interesadas. En particular, el documento fue sometido a una consulta (del 8 de junio al 9 de julio de 2018) a la que asistieron 13 sujetos, de los cuales una estaci\u00f3n de contrataci\u00f3n (Provveditrato del Pubblici para Lombard\u00eda y Emilia-Roma\u00f1a, cuyo administrador, ingeniero Piero Baratono, fue presidente de la comisi\u00f3n preparatoria para el borrador del decreto en s\u00ed), cuatro asociaciones comerciales (OICE, Red de Profesiones T\u00e9cnicas, IBIMI, INARSIND), un fondo de pensiones (Inarcassa), un centro de investigaci\u00f3n ( CCLM, Centro Interuniversitario de Derecho y Gesti\u00f3n de la Construcci\u00f3n), dos asociaciones (Asociaci\u00f3n Italiana de Cultura de Calidad, UNI) <strong><strong>y cuatro operadores econ\u00f3micos (Harpaceas srl, ingeniero Francesco Folino, ingeniero Carlo Zunino, ingeniero Roberto Lodola);<\/strong><\/strong>\r\n<figure id=\"attachment_10958\" aria-describedby=\"caption-attachment-10958\" style=\"width: 1024px\" class=\"wp-caption alignleft\"><img loading=\"lazy\" class=\"size-large wp-image-10958\" src=\"https:\/\/www.gopillarnews.com\/wp-content\/uploads\/2021\/05\/Progetto-senza-titolo-45-1-1024x576.png\" alt=\"BIM con REVIT programma del corso\" width=\"1024\" height=\"576\" \/><figcaption id=\"caption-attachment-10958\" class=\"wp-caption-text\">BIM con REVIT programma del corso<\/figcaption><\/figure>\r\n<\/li>\r\n<\/ul>\r\n<p><a href=\"https:\/\/www.gopillaracademy.com\/es\/product\/curso-completo-de-diseno-en-bim-con-revit\/?coupon=blogdescuento\" target=\"_blank\" rel=\"noopener\"><img loading=\"lazy\" class=\"alignleft size-large wp-image-16048\" src=\"https:\/\/www.gopillarnews.com\/wp-content\/uploads\/2022\/10\/BANNER-SPA-Revit-BIM-1-1024x135.jpg\" alt=\"\" width=\"1024\" height=\"135\" \/><\/a><\/p>\r\n\r\n\r\n\r\n<ul>\r\n<li>Art\u00edculo 23, p\u00e1rrafo 13, del Decreto Legislativo n. 50 de 2016 establece que<strong> las estaciones de contrataci\u00f3n con personal adecuadamente capacitado y sistemas de monitoreo apropiados<\/strong> pueden solicitar, para nuevos trabajos, as\u00ed como para recuperaci\u00f3n, reurbanizaci\u00f3n o variantes, principalmente para trabajos complejos, <strong>el uso de m\u00e9todos y herramientas electr\u00f3nicas.<\/strong> El mismo p\u00e1rrafo asigna un decreto del Ministro de Infraestructuras y Transporte la identificaci\u00f3n del momento de la introducci\u00f3n progresiva del uso obligatorio de los m\u00e9todos e instrumentos antes mencionados, en relaci\u00f3n con el tipo y la cantidad de las obras sujetas a asignaci\u00f3n; En este sentido, el Ministro adopt\u00f3 el mencionado decreto n. 560 de 2017;<\/li>\r\n<\/ul>\r\n\r\n\r\n\r\n<ul>\r\n<li>En la opini\u00f3n, en particular en el punto 4 relativo a &#8220;Las enmiendas a las Directrices n. 1 relativo al Decreto Ministerial n. 560\/2017 &#8220;, el Consejo de Estado se\u00f1ala que el decreto n. 560 no parece haber sido sometido a una opini\u00f3n a pesar del hecho de que, por su contenido, <strong>puede calificarse como un acto reglamentario;<\/strong> en consecuencia, la secci\u00f3n de asesoramiento cree que no puede expresar ninguna opini\u00f3n con respecto a los cambios en las pautas de la parte en la que proporcionan indicaciones inherentes a la disciplina contenida en el decreto, porque constituye un antecedente l\u00f3gico y una presuposici\u00f3n legal de las mismas pautas;<\/li>\r\n<\/ul>\r\n\r\n\r\n\r\n<div id=\"ez-toc-container\" class=\"ez-toc-v2_0_22 counter-hierarchy counter-decimal\">\n<div class=\"ez-toc-title-container\">\n<p class=\"ez-toc-title\">Tabla de contenidos<\/p>\n<span class=\"ez-toc-title-toggle\"><a class=\"ez-toc-pull-right ez-toc-btn ez-toc-btn-xs ez-toc-btn-default ez-toc-toggle\" style=\"display: none;\"><i class=\"ez-toc-glyphicon ez-toc-icon-toggle\"><\/i><\/a><\/span><\/div>\n<nav><ul class=\"ez-toc-list ez-toc-list-level-1\"><li class=\"ez-toc-page-1 ez-toc-heading-level-3\"><a class=\"ez-toc-link ez-toc-heading-1\" href=\"https:\/\/www.gopillarnews.com\/es\/uso-del-bim-interrogatorio-senado\/#Considerado_que\" title=\"Considerado que:\">Considerado que:<\/a><\/li><li class=\"ez-toc-page-1 ez-toc-heading-level-3\"><a class=\"ez-toc-link ez-toc-heading-2\" href=\"https:\/\/www.gopillarnews.com\/es\/uso-del-bim-interrogatorio-senado\/#Pedimos_saber\" title=\"Pedimos saber:\">Pedimos saber:<\/a><\/li><li class=\"ez-toc-page-1 ez-toc-heading-level-3\"><a class=\"ez-toc-link ez-toc-heading-3\" href=\"https:\/\/www.gopillarnews.com\/es\/uso-del-bim-interrogatorio-senado\/#%C2%BFQuieres_aprender_a_disenar_en_BIM_con_el_software_Autodesk_REVIT_Descubre_AHORA_como_hacerlo_con_el_curso_Completo_de_Diseno_en_BIM_con_Revit_de_GoPillar_Academy\" title=\"\u00bfQuieres aprender a dise\u00f1ar en BIM con el software Autodesk REVIT? Descubre AHORA c\u00f3mo hacerlo con el\u00a0curso Completo de Dise\u00f1o en BIM con Revit de GoPillar Academy\">\u00bfQuieres aprender a dise\u00f1ar en BIM con el software Autodesk REVIT? Descubre AHORA c\u00f3mo hacerlo con el\u00a0curso Completo de Dise\u00f1o en BIM con Revit de GoPillar Academy<\/a><\/li><\/ul><\/nav><\/div>\n<h3><span class=\"ez-toc-section\" id=\"Considerado_que\"><\/span><strong>Considerado que:<\/strong><span class=\"ez-toc-section-end\"><\/span><\/h3>\r\n\r\n\r\n\r\n<ul>\r\n<li>El decreto ministerial ya <strong>prev\u00e9 la obligatoriedad de las obras complejas que superen los 100 millones de euros<\/strong>, a partir del 1 de enero de 2019, y luego en los pr\u00f3ximos a\u00f1os, hasta la gesti\u00f3n completa de todas las obras a partir del 1 Enero de 2025;<\/li>\r\n<\/ul>\r\n\r\n\r\n\r\n<ul>\r\n<li>El art\u00edculo 3 establece algunos requisitos preliminares para los poderes adjudicadores, que en cualquier caso constituyen costes no irrelevantes; de hecho, prescribe un plan de capacitaci\u00f3n para el personal de los poderes adjudicadores en relaci\u00f3n con el papel cubierto, con especial referencia a m\u00e9todos y herramientas electr\u00f3nicos espec\u00edficos, como los de modelado de edificios e infraestructura; <strong>un plan para adquirir o mantener herramientas de hardware y software para la gesti\u00f3n digital de los procesos<\/strong> de toma de decisiones e informaci\u00f3n, adaptados a la naturaleza del trabajo, la fase del proceso y el tipo de procedimiento en el que se adoptan; un acto organizativo que explica el proceso de control y gesti\u00f3n, el administrador de datos y la gesti\u00f3n de conflictos,<\/li>\r\n<\/ul>\r\n\r\n\r\n\r\n<h3><span class=\"ez-toc-section\" id=\"Pedimos_saber\"><\/span><strong>Pedimos saber:<\/strong><span class=\"ez-toc-section-end\"><\/span><\/h3>\r\n\r\n\r\n\r\n<ul>\r\n<li>C\u00f3mo piensa proceder el Ministro para favorecer el uso correcto y uniforme de los m\u00e9todos y herramientas electr\u00f3nicos, <strong>garantizando que las estaciones de contrataci\u00f3n puedan consultar cualquier indicaci\u00f3n operativa adecuada;<\/strong><\/li>\r\n<\/ul>\r\n\r\n\r\n\r\n<ul>\r\n<li>\u00bfQu\u00e9 iniciativas piensa tomar para apoyar a las administraciones en la implementaci\u00f3n de las disposiciones del art\u00edculo 3 del decreto ministerial n. 560 de 2017, <strong>con especial atenci\u00f3n a los recursos necesarios a ser previstos para estos fines.<a href=\"https:\/\/www.gopillaracademy.com\/es\/product\/curso-completo-de-diseno-en-bim-con-revit\/?coupon=blogdescuento\" target=\"_blank\" rel=\"noopener\"><img loading=\"lazy\" class=\"alignleft size-large wp-image-16048\" src=\"https:\/\/www.gopillarnews.com\/wp-content\/uploads\/2022\/10\/BANNER-SPA-Revit-BIM-1-1024x135.jpg\" alt=\"\" width=\"1024\" height=\"135\" \/><\/a><\/strong><\/li>\r\n<\/ul>\r\n<h3><span class=\"ez-toc-section\" id=\"%C2%BFQuieres_aprender_a_disenar_en_BIM_con_el_software_Autodesk_REVIT_Descubre_AHORA_como_hacerlo_con_el_curso_Completo_de_Diseno_en_BIM_con_Revit_de_GoPillar_Academy\"><\/span><strong>\u00bfQuieres aprender a dise\u00f1ar en BIM con el software Autodesk REVIT? Descubre AHORA c\u00f3mo hacerlo con el\u00a0<a href=\"https:\/\/www.gopillaracademy.com\/es\/product\/curso-completo-de-diseno-en-bim-con-revit\/?coupon=blogdescuento\" target=\"_blank\" rel=\"noopener\">curso Completo de Dise\u00f1o en BIM con Revit de GoPillar Academy<\/a><\/strong><span class=\"ez-toc-section-end\"><\/span><\/h3>\r\n<p><a href=\"https:\/\/www.gopillaracademy.com\/es\/product\/curso-completo-de-diseno-en-bim-con-revit\/?coupon=blogdescuento\" target=\"_blank\" rel=\"noopener\"><em><strong>Haz clic aqu\u00ed para inscribirte por tan solo 79usd en lugar de 349usd<\/strong><\/em><\/a><\/p>\r\n","protected":false},"excerpt":{"rendered":"<p>El interrogatorio le pregunta al ministro Toninelli c\u00f3mo piensa proceder para alentar el uso correcto y uniforme de los m\u00e9todos y herramientas electr\u00f3nicos (incluido el modelado de informaci\u00f3n de construcci\u00f3n BIM), y para apoyar a las administraciones en la implementaci\u00f3n de las disposiciones del art\u00edculo 3 del decreto ministerial n\u00famero: 560\/2017. El pasado 28 de &hellip;<\/p>\n","protected":false},"author":15,"featured_media":9877,"comment_status":"open","ping_status":"open","sticky":false,"template":"","format":"standard","meta":[],"categories":[432,434],"tags":[307],"amp_enabled":true,"_links":{"self":[{"href":"https:\/\/www.gopillarnews.com\/es\/wp-json\/wp\/v2\/posts\/3347"}],"collection":[{"href":"https:\/\/www.gopillarnews.com\/es\/wp-json\/wp\/v2\/posts"}],"about":[{"href":"https:\/\/www.gopillarnews.com\/es\/wp-json\/wp\/v2\/types\/post"}],"author":[{"embeddable":true,"href":"https:\/\/www.gopillarnews.com\/es\/wp-json\/wp\/v2\/users\/15"}],"replies":[{"embeddable":true,"href":"https:\/\/www.gopillarnews.com\/es\/wp-json\/wp\/v2\/comments?post=3347"}],"version-history":[{"count":17,"href":"https:\/\/www.gopillarnews.com\/es\/wp-json\/wp\/v2\/posts\/3347\/revisions"}],"predecessor-version":[{"id":17034,"href":"https:\/\/www.gopillarnews.com\/es\/wp-json\/wp\/v2\/posts\/3347\/revisions\/17034"}],"wp:featuredmedia":[{"embeddable":true,"href":"https:\/\/www.gopillarnews.com\/es\/wp-json\/wp\/v2\/media\/9877"}],"wp:attachment":[{"href":"https:\/\/www.gopillarnews.com\/es\/wp-json\/wp\/v2\/media?parent=3347"}],"wp:term":[{"taxonomy":"category","embeddable":true,"href":"https:\/\/www.gopillarnews.com\/es\/wp-json\/wp\/v2\/categories?post=3347"},{"taxonomy":"post_tag","embeddable":true,"href":"https:\/\/www.gopillarnews.com\/es\/wp-json\/wp\/v2\/tags?post=3347"}],"curies":[{"name":"wp","href":"https:\/\/api.w.org\/{rel}","templated":true}]}}