{"id":5209,"date":"2020-11-03T11:12:53","date_gmt":"2020-11-03T11:12:53","guid":{"rendered":"https:\/\/www.gopillaracademy.com\/blog\/?p=5209"},"modified":"2023-03-24T13:05:57","modified_gmt":"2023-03-24T11:05:57","slug":"proyecto-de-ley-casa-de-diseno","status":"publish","type":"post","link":"https:\/\/www.gopillarnews.com\/es\/proyecto-de-ley-casa-de-diseno\/","title":{"rendered":"Calidad de la arquitectura, el proyecto de ley presentado: hacia el nacimiento de la primera Casa de Dise\u00f1o"},"content":{"rendered":"\r\n<p>Hacia el nacimiento de la primera <strong>Casa de Dise\u00f1o<\/strong>. Durante una rueda de prensa en la sala &#8220;De Sanctis&#8221; del Palazzo Santa Lucia, se present\u00f3 el proyecto de ley para la promoci\u00f3n de la calidad de la arquitectura aprobado el 7 de mayo por el consejo regional. En la mesa, el presidente de la Regi\u00f3n de Campania, Vincenzo De Luca, y el concejal de gobierno del territorio, Bruno Discepolo. T<strong>ambi\u00e9n estuvieron presentes asociaciones e instituciones que contribuyeron a la redacci\u00f3n del dise\u00f1o,<\/strong> incluidos representantes regionales de las \u00f3rdenes profesionales de arquitectos e ingenieros, la ANIAI, el IN-ARCH, los departamentos de arquitectura de Federico II y la Universidad Vanvitelli, la DO.CO.MO.MO.<\/p>\r\n<p><a href=\"https:\/\/www.gopillaracademy.com\/es\/product\/curso-de-modelado-3d-con-rhinoceros-v-ray\/?coupon=blogdescuento\" target=\"_blank\" rel=\"noopener\"><img loading=\"lazy\" class=\"size-large wp-image-16018 aligncenter\" src=\"https:\/\/www.gopillarnews.com\/wp-content\/uploads\/2022\/10\/BANNER-SPA-RhinocerosVRay-1024x135.jpg\" alt=\"\" width=\"1024\" height=\"135\" \/><\/a><\/p>\r\n\r\n\r\n\r\n<blockquote>\r\n<p><strong>\u201c<em>Con el proyecto de ley que presentamos &#8211; explic\u00f3 el comisario Discepolo &#8211; la Regi\u00f3n de Campania pretende reconocer el car\u00e1cter de inter\u00e9s p\u00fablico en el dise\u00f1o y construcci\u00f3n de obras arquitect\u00f3nicas contempor\u00e1neas, consciente de la necesidad de devolver a la arquitectura el papel que se merece en las pol\u00edticas de gobierno del territorio<\/em>\u201c<\/strong><\/p>\r\n<\/blockquote>\r\n\r\n\r\n\r\n<p>A trav\u00e9s de esta ley, la Regi\u00f3n afirma que la calidad del concepto arquitect\u00f3nico, la inclusi\u00f3n de nuevas intervenciones en edificios e infraestructuras seg\u00fan criterios de salvaguarda, innovaci\u00f3n y valorizaci\u00f3n sostenible del paisaje urbano natural e hist\u00f3rico, constituyen<strong> un valor identitario y patrimonio regional<\/strong> y como tales, representan un derecho inefable de todos los ciudadanos.<\/p>\r\n\r\n\r\n\r\n<p>Una ley que, prosigue el concejal, \u201c<em>se diferencia de los textos reglamentarios anteriores, desarrollados en los \u00faltimos a\u00f1os ya por regiones como Marche, Puglia, Umbr\u00eda y Calabria, porque de una manera a\u00fan m\u00e1s incisiva prev\u00e9 una pluralidad de acciones y herramientas para la difusi\u00f3n de una cultura de los entornos de vida, la calidad de transformaciones f\u00edsicas del territorio, infraestructura, ciudades, paisaje y medio ambiente y la afirmaci\u00f3n de la centralidad del proyecto arquitect\u00f3nico<\/em>\u201d<\/p>\r\n\r\n\r\n\r\n<div id=\"ez-toc-container\" class=\"ez-toc-v2_0_22 counter-hierarchy counter-decimal\">\n<div class=\"ez-toc-title-container\">\n<p class=\"ez-toc-title\">Tabla de contenidos<\/p>\n<span class=\"ez-toc-title-toggle\"><a class=\"ez-toc-pull-right ez-toc-btn ez-toc-btn-xs ez-toc-btn-default ez-toc-toggle\" style=\"display: none;\"><i class=\"ez-toc-glyphicon ez-toc-icon-toggle\"><\/i><\/a><\/span><\/div>\n<nav><ul class=\"ez-toc-list ez-toc-list-level-1\"><li class=\"ez-toc-page-1 ez-toc-heading-level-3\"><a class=\"ez-toc-link ez-toc-heading-1\" href=\"https:\/\/www.gopillarnews.com\/es\/proyecto-de-ley-casa-de-diseno\/#El_proyecto_de_ley_identifica_el_Concurso_de_Ideas_y_el_Concurso_de_Diseno_como_los_procedimientos_mas_adecuados_para_perseguir_el_objetivo_de_la_mejor_calidad_de_las_intervenciones_de_transformacion_arquitectonica_y_territorial_Ademas_preve_el_establecimiento_de_una_lista_regional_de_municipios_virtuosos_por_la_calidad_arquitectonica_donde_pueden_nacer_una_otra_casa_de_diseno\" title=\"El proyecto de ley identifica el Concurso de Ideas y el Concurso de Dise\u00f1o como los procedimientos m\u00e1s adecuados para perseguir el objetivo de la mejor calidad de las intervenciones de transformaci\u00f3n arquitect\u00f3nica y territorial. Adem\u00e1s, prev\u00e9 el establecimiento de una lista regional de municipios virtuosos por la calidad arquitect\u00f3nica donde pueden nacer una otra casa de dise\u00f1o.\">El proyecto de ley identifica el Concurso de Ideas y el Concurso de Dise\u00f1o como los procedimientos m\u00e1s adecuados para perseguir el objetivo de la mejor calidad de las intervenciones de transformaci\u00f3n arquitect\u00f3nica y territorial. Adem\u00e1s, prev\u00e9 el establecimiento de una lista regional de municipios virtuosos por la calidad arquitect\u00f3nica donde pueden nacer una otra casa de dise\u00f1o.<\/a><\/li><li class=\"ez-toc-page-1 ez-toc-heading-level-3\"><a class=\"ez-toc-link ez-toc-heading-2\" href=\"https:\/\/www.gopillarnews.com\/es\/proyecto-de-ley-casa-de-diseno\/#Ademas_se_establecera_el_Observatorio_Regional_para_la_calidad_del_diseno_arquitectonico_y_urbanistico_que_sera_un_organo_asesor_de_la_Administracion_Regional_en_calidad_arquitectonica_y_urbana_que_tendra_algunas_tareas_especificas_como_por_ejemplo_la_difusion_de_Ideas_y_Concursos_de_Diseno_la_preparacion_de_la_lista_regional_de_municipios_virtuosos_la_preparacion_cada_dos_anos_de_un_Informe_sobre_el_estado_de_la_arquitectura_en_Campania_y_un_Premio_de_Arquitectura_y_Diseno_que_se_anunciara_cada_dos_anos_para_las_actividades_e_intervenciones_realizadas_en_el_territorio_regionalEntre_las_innovaciones_mas_relevantes_del_nuevo_texto_se_encuentra_el_establecimiento_de_Casas_de_Arquitectura_y_una_primera_Casa_de_Diseno_en_las_ciudades_de_Campania\" title=\"Adem\u00e1s, se establecer\u00e1 el Observatorio Regional para la calidad del dise\u00f1o arquitect\u00f3nico y urban\u00edstico que ser\u00e1 un \u00f3rgano asesor de la Administraci\u00f3n Regional en calidad arquitect\u00f3nica y urbana que tendr\u00e1 algunas tareas espec\u00edficas como, por ejemplo, la difusi\u00f3n de Ideas y Concursos de Dise\u00f1o, la preparaci\u00f3n de la lista regional de municipios virtuosos, la preparaci\u00f3n cada dos a\u00f1os de un Informe sobre el estado de la arquitectura en Campania y un Premio de Arquitectura y Dise\u00f1o que se anunciar\u00e1 cada dos a\u00f1os para las actividades e intervenciones realizadas en el territorio regional.Entre las innovaciones m\u00e1s relevantes del nuevo texto se encuentra el establecimiento de Casas de Arquitectura y una primera Casa de Dise\u00f1o en las ciudades de Campania.\">Adem\u00e1s, se establecer\u00e1 el Observatorio Regional para la calidad del dise\u00f1o arquitect\u00f3nico y urban\u00edstico que ser\u00e1 un \u00f3rgano asesor de la Administraci\u00f3n Regional en calidad arquitect\u00f3nica y urbana que tendr\u00e1 algunas tareas espec\u00edficas como, por ejemplo, la difusi\u00f3n de Ideas y Concursos de Dise\u00f1o, la preparaci\u00f3n de la lista regional de municipios virtuosos, la preparaci\u00f3n cada dos a\u00f1os de un Informe sobre el estado de la arquitectura en Campania y un Premio de Arquitectura y Dise\u00f1o que se anunciar\u00e1 cada dos a\u00f1os para las actividades e intervenciones realizadas en el territorio regional.Entre las innovaciones m\u00e1s relevantes del nuevo texto se encuentra el establecimiento de Casas de Arquitectura y una primera Casa de Dise\u00f1o en las ciudades de Campania.<\/a><\/li><li class=\"ez-toc-page-1 ez-toc-heading-level-3\"><a class=\"ez-toc-link ez-toc-heading-3\" href=\"https:\/\/www.gopillarnews.com\/es\/proyecto-de-ley-casa-de-diseno\/#Temas_que_apoyan_las_iniciativas_que_planea_crear_una_primera_Casa_de_Diseno\" title=\"Temas que apoyan las iniciativas que planea crear una primera Casa de Dise\u00f1o\">Temas que apoyan las iniciativas que planea crear una primera Casa de Dise\u00f1o<\/a><\/li><li class=\"ez-toc-page-1 ez-toc-heading-level-3\"><a class=\"ez-toc-link ez-toc-heading-4\" href=\"https:\/\/www.gopillarnews.com\/es\/proyecto-de-ley-casa-de-diseno\/#%C2%A1Aprende_a_modelar_parametricamente_minimizando_errores_y_agregando_infinitas_posibilidades_de_personalizacion_a_tus_modelos_Inscribete_al_Curso_de_Modelado_3D_con_Rhinoceros_V-Ray\" title=\"\u00a1Aprende a modelar param\u00e9tricamente, minimizando errores y agregando infinitas posibilidades de personalizaci\u00f3n a tus modelos! Inscr\u00edbete al Curso de Modelado 3D con Rhinoceros + V-Ray.\">\u00a1Aprende a modelar param\u00e9tricamente, minimizando errores y agregando infinitas posibilidades de personalizaci\u00f3n a tus modelos! Inscr\u00edbete al Curso de Modelado 3D con Rhinoceros + V-Ray.<\/a><\/li><\/ul><\/nav><\/div>\n<h3><span class=\"ez-toc-section\" id=\"El_proyecto_de_ley_identifica_el_Concurso_de_Ideas_y_el_Concurso_de_Diseno_como_los_procedimientos_mas_adecuados_para_perseguir_el_objetivo_de_la_mejor_calidad_de_las_intervenciones_de_transformacion_arquitectonica_y_territorial_Ademas_preve_el_establecimiento_de_una_lista_regional_de_municipios_virtuosos_por_la_calidad_arquitectonica_donde_pueden_nacer_una_otra_casa_de_diseno\"><\/span><strong>El proyecto de ley identifica el Concurso de Ideas y el Concurso de Dise\u00f1o como los procedimientos m\u00e1s adecuados para perseguir el objetivo de la mejor calidad de las intervenciones de transformaci\u00f3n arquitect\u00f3nica y territorial. Adem\u00e1s, prev\u00e9 el establecimiento de una lista regional de municipios virtuosos por la calidad arquitect\u00f3nica donde pueden nacer una otra casa de dise\u00f1o.<\/strong><span class=\"ez-toc-section-end\"><\/span><\/h3>\r\n\r\n\r\n\r\n<blockquote>\r\n<p><strong>\u201cSer\u00e1n reconocidos como virtuosos &#8211; explica Discepolo &#8211;\u00a0 todos los municipios presentes en el territorio regional que habr\u00e1n puesto en marcha acciones, iniciativas y proyectos caracterizados por el cumplimiento de las leyes auton\u00f3micas de gobernanza territorial, por intervenciones dentro de los tejidos urbanos hist\u00f3ricos, por la realizaci\u00f3n de procedimientos de competencia, por medici\u00f3n de los resultados obtenidos tambi\u00e9n en t\u00e9rminos de sostenibilidad e innovaci\u00f3n\u201d. Para estos municipios, tambi\u00e9n se prev\u00e9 la introducci\u00f3n de una cl\u00e1usula de recompensa en el desembolso de las contribuciones regionales y europeas.<\/strong><\/p>\r\n<\/blockquote>\r\n\r\n\r\n\r\n<h3><span class=\"ez-toc-section\" id=\"Ademas_se_establecera_el_Observatorio_Regional_para_la_calidad_del_diseno_arquitectonico_y_urbanistico_que_sera_un_organo_asesor_de_la_Administracion_Regional_en_calidad_arquitectonica_y_urbana_que_tendra_algunas_tareas_especificas_como_por_ejemplo_la_difusion_de_Ideas_y_Concursos_de_Diseno_la_preparacion_de_la_lista_regional_de_municipios_virtuosos_la_preparacion_cada_dos_anos_de_un_Informe_sobre_el_estado_de_la_arquitectura_en_Campania_y_un_Premio_de_Arquitectura_y_Diseno_que_se_anunciara_cada_dos_anos_para_las_actividades_e_intervenciones_realizadas_en_el_territorio_regionalEntre_las_innovaciones_mas_relevantes_del_nuevo_texto_se_encuentra_el_establecimiento_de_Casas_de_Arquitectura_y_una_primera_Casa_de_Diseno_en_las_ciudades_de_Campania\"><\/span>Adem\u00e1s, se establecer\u00e1 el Observatorio Regional para la calidad del dise\u00f1o arquitect\u00f3nico y urban\u00edstico que ser\u00e1 un \u00f3rgano asesor de la Administraci\u00f3n Regional en calidad arquitect\u00f3nica y urbana que tendr\u00e1 algunas tareas espec\u00edficas como, por ejemplo, la difusi\u00f3n de Ideas y Concursos de Dise\u00f1o, la preparaci\u00f3n de la lista regional de municipios virtuosos, la preparaci\u00f3n cada dos a\u00f1os de un Informe sobre el estado de la arquitectura en Campania y un Premio de Arquitectura y Dise\u00f1o que <strong>se anunciar\u00e1 cada dos a\u00f1os para las actividades e intervenciones realizadas en el territorio regional.<\/strong><a href=\"https:\/\/www.gopillaracademy.com\/es\/product\/curso-de-modelado-3d-con-rhinoceros-v-ray\/?coupon=blogdescuento\" target=\"_blank\" rel=\"noopener\"><img loading=\"lazy\" class=\"size-large wp-image-16018 aligncenter\" src=\"https:\/\/www.gopillarnews.com\/wp-content\/uploads\/2022\/10\/BANNER-SPA-RhinocerosVRay-1024x135.jpg\" alt=\"\" width=\"1024\" height=\"135\" \/><\/a><strong>Entre las innovaciones m\u00e1s relevantes del nuevo texto se encuentra el establecimiento de <\/strong><a href=\"https:\/\/www.artribune.com\/museo-galleria-arte\/casa-del-design\/\" target=\"_blank\" rel=\"noopener\"><strong>Casas de Arquitectura y una primera Casa de Dise\u00f1o<\/strong><\/a><strong> en las ciudades de Campania.<\/strong><span class=\"ez-toc-section-end\"><\/span><\/h3>\r\n\r\n\r\n\r\n\r\n\r\n<p>La primera Casa de Dise\u00f1o nacer\u00e1 en N\u00e1poles y se construir\u00e1 dentro del <strong>Palazzo Penne<\/strong>, un edificio hist\u00f3rico propiedad de la Regi\u00f3n, uno de los ejemplos m\u00e1s significativos de la arquitectura renacentista napolitana, que se espera que sea restaurado.<\/p>\r\n\r\n\r\n\r\n<blockquote>\r\n<p><strong>\u201c<em>Creemos firmemente en esta ley sobre la Casa del Dise\u00f1o<\/em> \u2013 dijo De Luca \u2013 <em>estando convencidos de que la transformaci\u00f3n urbana es uno de los sectores econ\u00f3micos sobre los que se puede apoyar una econom\u00eda din\u00e1mica, pero tambi\u00e9n la actividad que puede dar una nueva identidad a las realidades modernas. Cuando en los \u00faltimos a\u00f1os me preguntaron por la transformaci\u00f3n urbana, me permit\u00ed recordar una de las ciudades invisibles de Italo Calvino, Zora, que se vio obligada a permanecer inm\u00f3vil e igual a s\u00ed misma para ser mejor recordada.<\/em><\/strong><\/p>\r\n<p><strong><em>Zora languideci\u00f3, se vino abajo y desapareci\u00f3, la tierra la olvid\u00f3. Una forma literaria de describir cu\u00e1l podr\u00eda ser la relaci\u00f3n entre la transformaci\u00f3n urbana, la calidad arquitect\u00f3nica y la preservaci\u00f3n del patrimonio hist\u00f3rico y ambiental. Desafortunadamente, la idea de que la transformaci\u00f3n urbana en s\u00ed es un hecho negativo ha crecido en la ola de un comitismo desvencijado. Esto siempre me ha impactado, sobre todo porque en Italia hay un sector firme, el de la transformaci\u00f3n urbana. Estoy convencido de que uno de los motivos de los retrasos de nuestro pa\u00eds frente a otros depende precisamente de este<\/em>\u201c<\/strong><\/p>\r\n<\/blockquote>\r\n\r\n\r\n\r\n<p>Hoy la transformaci\u00f3n urbana est\u00e1 &#8220;<em>frenada por la mara\u00f1a regulatoria que asfixia a nuestro pa\u00eds<\/em>&#8220;. De Luca da ejemplos del c\u00f3digo de adquisiciones y el c\u00f3digo ambiental. De ah\u00ed el deseo de &#8220;<em>a\u00f1adir una serie de otras intervenciones a este proyecto de ley<\/em>&#8220;. En primer lugar,<strong> el plan de paisaje<\/strong> sobre el que &#8220;<em>hay que racionalizar, innovar, encontrar el equilibrio entre la protecci\u00f3n del territorio y el desarrollo de una peque\u00f1a econom\u00eda<\/em>&#8220;. Pero luego &#8220;<em>una nueva ley urban\u00edstica<\/em>&#8220;.<\/p>\r\n\r\n\r\n\r\n<h3><span class=\"ez-toc-section\" id=\"Temas_que_apoyan_las_iniciativas_que_planea_crear_una_primera_Casa_de_Diseno\"><\/span><strong>Temas que apoyan las iniciativas que planea crear una primera Casa de Dise\u00f1o<\/strong><span class=\"ez-toc-section-end\"><\/span><\/h3>\r\n\r\n\r\n\r\n<p>Volviendo al texto de la ley, De Luca destaca el compromiso de la Regi\u00f3n de premiar a los municipios, para incentivar los concursos de dise\u00f1o. Y concluye: \u201c<em>En el dise\u00f1o tambi\u00e9n est\u00e1 la propuesta de una bienal de arquitectura y dise\u00f1o para premiar cada dos a\u00f1os una obra de arquitectura, dise\u00f1o, innovaci\u00f3n propuesta por nuestros j\u00f3venes, nuestras universidades, nuestros estudios. Me gustar\u00eda que tomara forma esta peque\u00f1a bienal nuestra<\/em>\u201c.<a href=\"https:\/\/www.gopillaracademy.com\/es\/product\/curso-de-modelado-3d-con-rhinoceros-v-ray\/?coupon=blogdescuento\" target=\"_blank\" rel=\"noopener\"><img loading=\"lazy\" class=\"size-large wp-image-16018 aligncenter\" src=\"https:\/\/www.gopillarnews.com\/wp-content\/uploads\/2022\/10\/BANNER-SPA-RhinocerosVRay-1024x135.jpg\" alt=\"\" width=\"1024\" height=\"135\" \/><\/a><\/p>\r\n<h3><span class=\"ez-toc-section\" id=\"%C2%A1Aprende_a_modelar_parametricamente_minimizando_errores_y_agregando_infinitas_posibilidades_de_personalizacion_a_tus_modelos_Inscribete_al_Curso_de_Modelado_3D_con_Rhinoceros_V-Ray\"><\/span><b>\u00a1Aprende a modelar param\u00e9tricamente, minimizando errores y agregando infinitas posibilidades de personalizaci\u00f3n a tus modelos! Inscr\u00edbete al<\/b><a href=\"https:\/\/www.gopillaracademy.com\/es\/product\/curso-de-modelado-3d-con-rhinoceros-v-ray\/?coupon=blogdescuento\" target=\"_blank\" rel=\"noopener\"> <b>Curso de Modelado 3D con Rhinoceros + V-Ray.<\/b><\/a><span class=\"ez-toc-section-end\"><\/span><\/h3>\r\n<p><a href=\"https:\/\/www.gopillaracademy.com\/es\/product\/curso-de-modelado-3d-con-rhinoceros-v-ray\/?coupon=blogdescuento\" target=\"_blank\" rel=\"noopener\"><b><i>Haz clic aqu\u00ed para inscribirte por tan solo 79usd en lugar de 349usd<\/i><\/b><\/a><\/p>\r\n<p>&nbsp;<\/p>\r\n","protected":false},"excerpt":{"rendered":"<p>Hacia el nacimiento de la primera Casa de Dise\u00f1o. Durante una rueda de prensa en la sala &#8220;De Sanctis&#8221; del Palazzo Santa Lucia, se present\u00f3 el proyecto de ley para la promoci\u00f3n de la calidad de la arquitectura aprobado el 7 de mayo por el consejo regional. En la mesa, el presidente de la Regi\u00f3n &hellip;<\/p>\n","protected":false},"author":15,"featured_media":10003,"comment_status":"open","ping_status":"open","sticky":false,"template":"","format":"standard","meta":[],"categories":[432],"tags":[302],"amp_enabled":true,"_links":{"self":[{"href":"https:\/\/www.gopillarnews.com\/es\/wp-json\/wp\/v2\/posts\/5209"}],"collection":[{"href":"https:\/\/www.gopillarnews.com\/es\/wp-json\/wp\/v2\/posts"}],"about":[{"href":"https:\/\/www.gopillarnews.com\/es\/wp-json\/wp\/v2\/types\/post"}],"author":[{"embeddable":true,"href":"https:\/\/www.gopillarnews.com\/es\/wp-json\/wp\/v2\/users\/15"}],"replies":[{"embeddable":true,"href":"https:\/\/www.gopillarnews.com\/es\/wp-json\/wp\/v2\/comments?post=5209"}],"version-history":[{"count":8,"href":"https:\/\/www.gopillarnews.com\/es\/wp-json\/wp\/v2\/posts\/5209\/revisions"}],"predecessor-version":[{"id":16944,"href":"https:\/\/www.gopillarnews.com\/es\/wp-json\/wp\/v2\/posts\/5209\/revisions\/16944"}],"wp:featuredmedia":[{"embeddable":true,"href":"https:\/\/www.gopillarnews.com\/es\/wp-json\/wp\/v2\/media\/10003"}],"wp:attachment":[{"href":"https:\/\/www.gopillarnews.com\/es\/wp-json\/wp\/v2\/media?parent=5209"}],"wp:term":[{"taxonomy":"category","embeddable":true,"href":"https:\/\/www.gopillarnews.com\/es\/wp-json\/wp\/v2\/categories?post=5209"},{"taxonomy":"post_tag","embeddable":true,"href":"https:\/\/www.gopillarnews.com\/es\/wp-json\/wp\/v2\/tags?post=5209"}],"curies":[{"name":"wp","href":"https:\/\/api.w.org\/{rel}","templated":true}]}}